{"id":1042,"date":"2016-05-20T06:30:07","date_gmt":"2016-05-20T09:30:07","guid":{"rendered":"https:\/\/blogs2.correiobraziliense.com.br\/vicente\/?p=1042"},"modified":"2016-05-20T09:57:12","modified_gmt":"2016-05-20T12:57:12","slug":"o-fantasma-de-cunha","status":"publish","type":"post","link":"https:\/\/blogs2.correiobraziliense.com.br\/vicente\/o-fantasma-de-cunha\/","title":{"rendered":"O fantasma de Cunha"},"content":{"rendered":"<p>H\u00e1 um inc\u00f4modo grande entre os t\u00e9cnicos do governo quanto \u00e0 capacidade do presidente interino, Michel Temer, de levar adiante as t\u00e3o esperadas reformas da Previd\u00eancia Social e trabalhista. Os movimentos na pol\u00edtica indicam, at\u00e9 agora, mais fragilidade do que for\u00e7a para mexer com direitos e privil\u00e9gios. O discurso de posse do peemedebista, no qual ele pregou a necessidade de um governo de \u201csalva\u00e7\u00e3o nacional\u201d, ainda n\u00e3o ecoou no Congresso.<\/p>\n<p>&nbsp;<\/p>\n<p>O ideal, na avalia\u00e7\u00e3o de integrantes da equipe econ\u00f4mica, era que Temer seguisse o exemplo do presidente mexicano, Enrique Pe\u00f1a Nieto, que, logo depois de tomar posse, assinou com os tr\u00eas maiores partidos do pa\u00eds, incluindo os de oposi\u00e7\u00e3o, o que se chamou de Pacto do M\u00e9xico. Pelo acordo, os parlamentares se comprometeram a aprovar, no Congresso, um amplo programa de reformas, da \u00e1rea fiscal \u00e0 banc\u00e1ria, do setor de telecomunica\u00e7\u00f5es \u00e0 educa\u00e7\u00e3o.<\/p>\n<p>&nbsp;<\/p>\n<p>Diante do compromisso p\u00fablico, mesmo com a gritaria de segmentos contr\u00e1rios \u00e0s mudan\u00e7as, os pol\u00edticos n\u00e3o puderam recuar. Tiveram que garantir dois ter\u00e7os do Congresso para alterar regras constitucionais importantes. Quem olha hoje para o M\u00e9xico percebe um pa\u00eds muito melhor. As insatisfa\u00e7\u00f5es dos que perderam espa\u00e7o com quebra de monop\u00f3lios, elimina\u00e7\u00e3o de incentivos e reserva de mercado, ainda continuam latentes. A economia, por\u00e9m, cresce a quase 3% ao ano, o desemprego est\u00e1 ligeiramente acima de 4% e a infla\u00e7\u00e3o, oscilando entre 2% e 3% ao ano.<\/p>\n<p>&nbsp;<\/p>\n<p><b>Aberra\u00e7\u00e3o<\/b><\/p>\n<p>&nbsp;<\/p>\n<p>Aqui, destacam os t\u00e9cnicos, a impress\u00e3o \u00e9 de que Temer est\u00e1 dependente de apenas uma pessoa, o deputado afastado Eduardo Cunha, para levar adiante as reformas. Esse sentimento cresceu depois da escolha de Andr\u00e9 Moura, do nanico PSC, para l\u00edder do governo na C\u00e2mara. O parlamentar representa o que h\u00e1 de pior na pol\u00edtica, \u00e9 acusado de homic\u00eddio e de surrupiar verbas p\u00fablicas. Contudo, sem o apoio dele e o aval de Cunha, dificilmente propostas t\u00e3o impopulares, como a imposi\u00e7\u00e3o de idade m\u00ednima para a aposentadoria, ter\u00e3o condi\u00e7\u00f5es de avan\u00e7ar no Legislativo. Uma aberra\u00e7\u00e3o.<\/p>\n<p>&nbsp;<\/p>\n<p>N\u00e3o \u00e0 toa, gente importante da equipe econ\u00f4mica teme que o ministro da Fazenda, Henrique Meirelles, tenha a mesma sina de Joaquim Levy: o fracasso, ou seja: prometa muito e n\u00e3o entregue nada. O ministro, por\u00e9m, se diz confiante. Afirma que o desenho pol\u00edtico fechado pelo presidente interino garante apoio suficiente para tirar do papel medidas duras, mas necess\u00e1rias para reverter o descalabro econ\u00f4mico.<\/p>\n<p>&nbsp;<\/p>\n<p>Meirelles acredita que o fato de algumas medidas, como a reforma da Previd\u00eancia, atrasarem um pouco n\u00e3o ser\u00e1 problema, desde, \u00e9 claro, que, quando chegarem ao Congresso, o governo tenha votos suficientes para evitar revezes. Para o ministro, o custo pol\u00edtico j\u00e1 est\u00e1 dado. Pior ser\u00e1 n\u00e3o fazer nada, uma vez que o desastre econ\u00f4mico inviabilizar\u00e1 qualquer composi\u00e7\u00e3o com a sociedade, \u00e0 qual caber\u00e1 a maior parte da fatura.<\/p>\n<p>&nbsp;<\/p>\n<p><b>Ares de trai\u00e7\u00e3o<\/b><\/p>\n<p>&nbsp;<\/p>\n<p>O ministro da Fazenda assegura que tem apoio suficiente para enfrentar corpora\u00e7\u00f5es e interesses muitas vezes n\u00e3o revelados. No entender dele, \u00e9 importante que o governo fa\u00e7a uma ampla campanha de esclarecimento para n\u00e3o deixar qualquer d\u00favida sobre o que est\u00e1 sendo proposto e os resultados que podem ser alcan\u00e7ados. \u00c9 preciso vencer a batalha da comunica\u00e7\u00e3o, pois o tom usado pelos que s\u00e3o contra as mudan\u00e7as \u00e9 alto e o discurso, bem articulado.<\/p>\n<p>&nbsp;<\/p>\n<p>Para um governo acusado de golpista por parte da popula\u00e7\u00e3o, o desafio se torna maior. As mudan\u00e7as propostas ganham ares de trai\u00e7\u00e3o. Mas, conforme frisa Meirelles, n\u00e3o h\u00e1 como fugir da luta. O projeto que est\u00e1 sendo proposto tem por objetivo maior retirar o pa\u00eds da recess\u00e3o e prepar\u00e1-lo para a rota do crescimento, possivelmente j\u00e1 em 2017. Na vis\u00e3o do ministro, a partir do momento em que as medidas para o ajuste fiscal ficarem prontas e as reformas chegarem ao Congresso, o governo ter\u00e1 condi\u00e7\u00f5es de virar o disco e colocar na rua uma agenda pr\u00f3-desenvolvimento.<\/p>\n<p>&nbsp;<\/p>\n<p>Gente qualificada da Esplanada v\u00ea Meirelles como um grande otimista, mas reconhece a import\u00e2ncia de o governo t\u00ea-lo como maestro. O sen\u00e3o est\u00e1 na enorme depend\u00eancia de Temer de Eduardo Cunha, que j\u00e1 deveria ter tido o mandato cassado e ter sido expulso de Bras\u00edlia. Quanto mais o presidente afastado da C\u00e2mara se sentir fraco, mais ele exigir\u00e1 do governo para que os asseclas deles, que s\u00e3o muitos, removam barreiras no Congresso.<\/p>\n<p>&nbsp;<\/p>\n<p>Esse, infelizmente, \u00e9 o Brasil que temos, cheio de obst\u00e1culos, com uma classe pol\u00edtica que est\u00e1 longe de ter a capacidade necess\u00e1ria para entender os anseios da popula\u00e7\u00e3o. Meirelles e sua equipe acreditam que podem funcionar como contraponto importante. Tomara n\u00e3o sejam abatidos antes mesmo de levantarem voo. O risco disso acontecer n\u00e3o \u00e9 desprez\u00edvel. Est\u00e1 no radar de todos os investidores, que andam inquietos e ariscos.<\/p>\n<p>&nbsp;<\/p>\n<p>Bras\u00edlia, 06h30min<\/p>\n","protected":false},"excerpt":{"rendered":"<p>H\u00e1 um inc\u00f4modo grande entre os t\u00e9cnicos do governo quanto \u00e0 capacidade do presidente interino, Michel Temer, de levar adiante as t\u00e3o esperadas reformas da Previd\u00eancia Social e trabalhista. Os movimentos na pol\u00edtica indicam, at\u00e9 agora, mais fragilidade do que for\u00e7a para mexer com direitos e privil\u00e9gios. O discurso de posse do peemedebista, no qual [&hellip;]<\/p>\n","protected":false},"author":22,"featured_media":0,"comment_status":"open","ping_status":"closed","sticky":false,"template":"","format":"standard","meta":{"wpb_read_more":[],"footnotes":""},"categories":[1],"tags":[],"class_list":["post-1042","post","type-post","status-publish","format-standard","hentry","category-sem-categoria"],"_links":{"self":[{"href":"https:\/\/blogs2.correiobraziliense.com.br\/vicente\/wp-json\/wp\/v2\/posts\/1042","targetHints":{"allow":["GET"]}}],"collection":[{"href":"https:\/\/blogs2.correiobraziliense.com.br\/vicente\/wp-json\/wp\/v2\/posts"}],"about":[{"href":"https:\/\/blogs2.correiobraziliense.com.br\/vicente\/wp-json\/wp\/v2\/types\/post"}],"author":[{"embeddable":true,"href":"https:\/\/blogs2.correiobraziliense.com.br\/vicente\/wp-json\/wp\/v2\/users\/22"}],"replies":[{"embeddable":true,"href":"https:\/\/blogs2.correiobraziliense.com.br\/vicente\/wp-json\/wp\/v2\/comments?post=1042"}],"version-history":[{"count":1,"href":"https:\/\/blogs2.correiobraziliense.com.br\/vicente\/wp-json\/wp\/v2\/posts\/1042\/revisions"}],"predecessor-version":[{"id":1043,"href":"https:\/\/blogs2.correiobraziliense.com.br\/vicente\/wp-json\/wp\/v2\/posts\/1042\/revisions\/1043"}],"wp:attachment":[{"href":"https:\/\/blogs2.correiobraziliense.com.br\/vicente\/wp-json\/wp\/v2\/media?parent=1042"}],"wp:term":[{"taxonomy":"category","embeddable":true,"href":"https:\/\/blogs2.correiobraziliense.com.br\/vicente\/wp-json\/wp\/v2\/categories?post=1042"},{"taxonomy":"post_tag","embeddable":true,"href":"https:\/\/blogs2.correiobraziliense.com.br\/vicente\/wp-json\/wp\/v2\/tags?post=1042"}],"curies":[{"name":"wp","href":"https:\/\/api.w.org\/{rel}","templated":true}]}}