{"id":1044,"date":"2016-05-20T09:59:14","date_gmt":"2016-05-20T12:59:14","guid":{"rendered":"https:\/\/blogs2.correiobraziliense.com.br\/vicente\/?p=1044"},"modified":"2016-05-20T09:59:14","modified_gmt":"2016-05-20T12:59:14","slug":"decepcao-na-caixa","status":"publish","type":"post","link":"https:\/\/blogs2.correiobraziliense.com.br\/vicente\/decepcao-na-caixa\/","title":{"rendered":"Decep\u00e7\u00e3o na Caixa"},"content":{"rendered":"<p>\u00bb Funcion\u00e1rios da Caixa Econ\u00f4mica Federal est\u00e3o inconformados com a decis\u00e3o do presidente interino, Michel Temer, de mudar o comando da Petrobras, com a nomea\u00e7\u00e3o de Pedro Parente, e de ainda n\u00e3o ter trocado a presid\u00eancia do banco.<\/p>\n","protected":false},"excerpt":{"rendered":"<p>\u00bb Funcion\u00e1rios da Caixa Econ\u00f4mica Federal est\u00e3o inconformados com a decis\u00e3o do presidente interino, Michel Temer, de mudar o comando da Petrobras, com a nomea\u00e7\u00e3o de Pedro Parente, e de ainda n\u00e3o ter trocado a presid\u00eancia do banco.<\/p>\n","protected":false},"author":22,"featured_media":0,"comment_status":"open","ping_status":"closed","sticky":false,"template":"","format":"standard","meta":{"wpb_read_more":[],"footnotes":""},"categories":[1],"tags":[],"class_list":["post-1044","post","type-post","status-publish","format-standard","hentry","category-sem-categoria"],"_links":{"self":[{"href":"https:\/\/blogs2.correiobraziliense.com.br\/vicente\/wp-json\/wp\/v2\/posts\/1044","targetHints":{"allow":["GET"]}}],"collection":[{"href":"https:\/\/blogs2.correiobraziliense.com.br\/vicente\/wp-json\/wp\/v2\/posts"}],"about":[{"href":"https:\/\/blogs2.correiobraziliense.com.br\/vicente\/wp-json\/wp\/v2\/types\/post"}],"author":[{"embeddable":true,"href":"https:\/\/blogs2.correiobraziliense.com.br\/vicente\/wp-json\/wp\/v2\/users\/22"}],"replies":[{"embeddable":true,"href":"https:\/\/blogs2.correiobraziliense.com.br\/vicente\/wp-json\/wp\/v2\/comments?post=1044"}],"version-history":[{"count":1,"href":"https:\/\/blogs2.correiobraziliense.com.br\/vicente\/wp-json\/wp\/v2\/posts\/1044\/revisions"}],"predecessor-version":[{"id":1045,"href":"https:\/\/blogs2.correiobraziliense.com.br\/vicente\/wp-json\/wp\/v2\/posts\/1044\/revisions\/1045"}],"wp:attachment":[{"href":"https:\/\/blogs2.correiobraziliense.com.br\/vicente\/wp-json\/wp\/v2\/media?parent=1044"}],"wp:term":[{"taxonomy":"category","embeddable":true,"href":"https:\/\/blogs2.correiobraziliense.com.br\/vicente\/wp-json\/wp\/v2\/categories?post=1044"},{"taxonomy":"post_tag","embeddable":true,"href":"https:\/\/blogs2.correiobraziliense.com.br\/vicente\/wp-json\/wp\/v2\/tags?post=1044"}],"curies":[{"name":"wp","href":"https:\/\/api.w.org\/{rel}","templated":true}]}}