{"id":1046,"date":"2016-05-20T04:59:31","date_gmt":"2016-05-20T07:59:31","guid":{"rendered":"https:\/\/blogs2.correiobraziliense.com.br\/vicente\/?p=1046"},"modified":"2016-05-20T10:00:34","modified_gmt":"2016-05-20T13:00:34","slug":"afagos-no-bc","status":"publish","type":"post","link":"https:\/\/blogs2.correiobraziliense.com.br\/vicente\/afagos-no-bc\/","title":{"rendered":"Afagos no BC"},"content":{"rendered":"<p>\u00bb Ilan Goldfajn, futuro presidente do Banco Central, e Alexandre Tombini, quase ex, trocaram afagos nos \u00faltimos dias. H\u00e1 a certeza, dentro do governo, de que n\u00e3o haver\u00e1 problemas na transi\u00e7\u00e3o dentro da institui\u00e7\u00e3o.<\/p>\n","protected":false},"excerpt":{"rendered":"<p>\u00bb Ilan Goldfajn, futuro presidente do Banco Central, e Alexandre Tombini, quase ex, trocaram afagos nos \u00faltimos dias. H\u00e1 a certeza, dentro do governo, de que n\u00e3o haver\u00e1 problemas na transi\u00e7\u00e3o dentro da institui\u00e7\u00e3o.<\/p>\n","protected":false},"author":22,"featured_media":0,"comment_status":"open","ping_status":"closed","sticky":false,"template":"","format":"standard","meta":{"wpb_read_more":[],"footnotes":""},"categories":[1],"tags":[],"class_list":["post-1046","post","type-post","status-publish","format-standard","hentry","category-sem-categoria"],"_links":{"self":[{"href":"https:\/\/blogs2.correiobraziliense.com.br\/vicente\/wp-json\/wp\/v2\/posts\/1046","targetHints":{"allow":["GET"]}}],"collection":[{"href":"https:\/\/blogs2.correiobraziliense.com.br\/vicente\/wp-json\/wp\/v2\/posts"}],"about":[{"href":"https:\/\/blogs2.correiobraziliense.com.br\/vicente\/wp-json\/wp\/v2\/types\/post"}],"author":[{"embeddable":true,"href":"https:\/\/blogs2.correiobraziliense.com.br\/vicente\/wp-json\/wp\/v2\/users\/22"}],"replies":[{"embeddable":true,"href":"https:\/\/blogs2.correiobraziliense.com.br\/vicente\/wp-json\/wp\/v2\/comments?post=1046"}],"version-history":[{"count":1,"href":"https:\/\/blogs2.correiobraziliense.com.br\/vicente\/wp-json\/wp\/v2\/posts\/1046\/revisions"}],"predecessor-version":[{"id":1047,"href":"https:\/\/blogs2.correiobraziliense.com.br\/vicente\/wp-json\/wp\/v2\/posts\/1046\/revisions\/1047"}],"wp:attachment":[{"href":"https:\/\/blogs2.correiobraziliense.com.br\/vicente\/wp-json\/wp\/v2\/media?parent=1046"}],"wp:term":[{"taxonomy":"category","embeddable":true,"href":"https:\/\/blogs2.correiobraziliense.com.br\/vicente\/wp-json\/wp\/v2\/categories?post=1046"},{"taxonomy":"post_tag","embeddable":true,"href":"https:\/\/blogs2.correiobraziliense.com.br\/vicente\/wp-json\/wp\/v2\/tags?post=1046"}],"curies":[{"name":"wp","href":"https:\/\/api.w.org\/{rel}","templated":true}]}}