{"id":10479,"date":"2019-04-12T18:20:00","date_gmt":"2019-04-12T21:20:00","guid":{"rendered":"https:\/\/blogs2.correiobraziliense.com.br\/vicente\/?p=10479"},"modified":"2019-04-12T20:56:27","modified_gmt":"2019-04-12T23:56:27","slug":"intervencao-de-bolsonaro-custa-r-324-bilhoes-a-petrobras","status":"publish","type":"post","link":"https:\/\/blogs2.correiobraziliense.com.br\/vicente\/intervencao-de-bolsonaro-custa-r-324-bilhoes-a-petrobras\/","title":{"rendered":"Interven\u00e7\u00e3o de Bolsonaro custa R$ 32,4 bilh\u00f5es \u00e0 Petrobras"},"content":{"rendered":"<p>BRUNO SANTA RITA<\/p>\n<p>&nbsp;<\/p>\n<p>A Petrobras perdeu R$ 32,4 bilh\u00f5es de valor de mercado ap\u00f3s decis\u00e3o do presidente da Rep\u00fablica, Jair Bolsonaro, de segurar o aumento previsto para o diesel de 5,7%. A estatal encerou a sexta-feira (12\/04) valendo R$ 361,5 bilh\u00f5es. A interven\u00e7\u00e3o foi questionada por membros do mercado de a\u00e7\u00f5es por fazer contraponto \u00e0 ideia de liberalismo econ\u00f4mico propagada pelo governo. Pior,lembrou os tempos de controle de pre\u00e7os dos combust\u00edveis de Dilma Rousseff.<\/p>\n<p>&nbsp;<\/p>\n<p>A queda das a\u00e7\u00f5es na estatal foi de mais de 7%. Com isso, o Ibovespa, principal indicador da Bolsa de Valores de S\u00e3o Paulo, fechou o dia com queda de 2,06%, nos 92.802 pontos. No in\u00edcio da semana, o Ibovespa estava acima dos 97 mil pontos. Segundo analistas ouvidos pelo <strong>Blog<\/strong>, a medida aumentou a desconfian\u00e7a dos investidores estrangeiros. Eles correram em busca de prote\u00e7\u00e3o no d\u00f3lar, que fechou o dia em alta de 0,83%, a R$ 3,89 para venda .<\/p>\n<p>&nbsp;<\/p>\n<p>Bolsonaro tomou a atitude com a justificativa de n\u00e3o entender o aumento de 5,7%, uma vez que a infla\u00e7\u00e3o, segundo o boletim Focus divulgado pelo Banco Central, foi projetada para 2019 em 3,90%. A meta estabelecida pelo BC para a infla\u00e7\u00e3o \u00e9 4,25%. Ou seja, ela est\u00e1 abaixo da meta, o que, teoricamente, n\u00e3o deveria impulsionar alta nos pre\u00e7os. O presidente pretende se reunir com funcion\u00e1rios da estatal para discutir sobre a pol\u00edtica de pre\u00e7os.<\/p>\n<p>&nbsp;<\/p>\n<p>Ap\u00f3s almo\u00e7o no Macap\u00e1, Bolsonaro afirmou que procura entender melhor como \u00e9 feita a pol\u00edtica de pre\u00e7os na Petrobras. Segundo ele, que ligou para o presidente da Petrobras, Roberto Castello Branco, para cobrar o reajuste do diesel, d\u00favidas sobre o custo e o refinamento do produto ainda persistem em sua cabe\u00e7a.<\/p>\n<p>&nbsp;<\/p>\n<p>\u201cOnde \u00e9 que n\u00f3s refinamos, a que pre\u00e7o, a que custo, eu quero o custo final\u201d, disse, ap\u00f3s almo\u00e7o no Macap\u00e1. Por fim, o presidente refor\u00e7ou: \u201cN\u00e3o sou economista, j\u00e1 falei que n\u00e3o entendia de economia\u201d<\/p>\n","protected":false},"excerpt":{"rendered":"<p>BRUNO SANTA RITA &nbsp; A Petrobras perdeu R$ 32,4 bilh\u00f5es de valor de mercado ap\u00f3s decis\u00e3o do presidente da Rep\u00fablica, Jair Bolsonaro, de segurar o aumento previsto para o diesel de 5,7%. A estatal encerou a sexta-feira (12\/04) valendo R$ 361,5 bilh\u00f5es. A interven\u00e7\u00e3o foi questionada por membros do mercado de a\u00e7\u00f5es por fazer contraponto [&hellip;]<\/p>\n","protected":false},"author":22,"featured_media":10489,"comment_status":"open","ping_status":"closed","sticky":false,"template":"","format":"standard","meta":{"wpb_read_more":[],"footnotes":""},"categories":[600],"tags":[3240,3394,2554,3367,228,279,3795,264],"class_list":["post-10479","post","type-post","status-publish","format-standard","has-post-thumbnail","hentry","category-economia","tag-4-bilhoes","tag-acoes","tag-bolsonaro","tag-diesel","tag-petrobras","tag-queda","tag-r-32","tag-reajuste"],"_links":{"self":[{"href":"https:\/\/blogs2.correiobraziliense.com.br\/vicente\/wp-json\/wp\/v2\/posts\/10479","targetHints":{"allow":["GET"]}}],"collection":[{"href":"https:\/\/blogs2.correiobraziliense.com.br\/vicente\/wp-json\/wp\/v2\/posts"}],"about":[{"href":"https:\/\/blogs2.correiobraziliense.com.br\/vicente\/wp-json\/wp\/v2\/types\/post"}],"author":[{"embeddable":true,"href":"https:\/\/blogs2.correiobraziliense.com.br\/vicente\/wp-json\/wp\/v2\/users\/22"}],"replies":[{"embeddable":true,"href":"https:\/\/blogs2.correiobraziliense.com.br\/vicente\/wp-json\/wp\/v2\/comments?post=10479"}],"version-history":[{"count":10,"href":"https:\/\/blogs2.correiobraziliense.com.br\/vicente\/wp-json\/wp\/v2\/posts\/10479\/revisions"}],"predecessor-version":[{"id":10490,"href":"https:\/\/blogs2.correiobraziliense.com.br\/vicente\/wp-json\/wp\/v2\/posts\/10479\/revisions\/10490"}],"wp:featuredmedia":[{"embeddable":true,"href":"https:\/\/blogs2.correiobraziliense.com.br\/vicente\/wp-json\/wp\/v2\/media\/10489"}],"wp:attachment":[{"href":"https:\/\/blogs2.correiobraziliense.com.br\/vicente\/wp-json\/wp\/v2\/media?parent=10479"}],"wp:term":[{"taxonomy":"category","embeddable":true,"href":"https:\/\/blogs2.correiobraziliense.com.br\/vicente\/wp-json\/wp\/v2\/categories?post=10479"},{"taxonomy":"post_tag","embeddable":true,"href":"https:\/\/blogs2.correiobraziliense.com.br\/vicente\/wp-json\/wp\/v2\/tags?post=10479"}],"curies":[{"name":"wp","href":"https:\/\/api.w.org\/{rel}","templated":true}]}}