{"id":1048,"date":"2016-05-20T12:12:18","date_gmt":"2016-05-20T15:12:18","guid":{"rendered":"https:\/\/blogs2.correiobraziliense.com.br\/vicente\/?p=1048"},"modified":"2016-05-20T12:12:18","modified_gmt":"2016-05-20T15:12:18","slug":"serpros-o-fundo-de-pensao-dos-funcionarios-do-serpro-virou-terra-de-ninguem","status":"publish","type":"post","link":"https:\/\/blogs2.correiobraziliense.com.br\/vicente\/serpros-o-fundo-de-pensao-dos-funcionarios-do-serpro-virou-terra-de-ninguem\/","title":{"rendered":"Serpros, o fundo de pens\u00e3o dos funcion\u00e1rios do Serpro, virou terra de ningu\u00e9m"},"content":{"rendered":"<p>POR ANTONIO TEM\u00d3TEO<\/p>\n<p>&nbsp;<\/p>\n<p>O conselho deliberativo do Serpros, fundo de pens\u00e3o dos empregados do Servi\u00e7o Federal de Processamento de Dados (Serpro), se envolveu em mais uma confus\u00e3o. Depois de\u00a0Cl\u00e1udio Albuquerque Nascimento e Ant\u00f4nio Carlos Melo da Silva renunciarem aos postos de presidente executivo e de presidente do colegiado da entidade, respectivamente, por terem se envolvido em irregularidades em elei\u00e7\u00f5es internas, as regras para o preenchimento dos cargos foram burladas novamente.<\/p>\n<p>&nbsp;<\/p>\n<p>A hist\u00f3ria come\u00e7ou em 11 de maio, com a marca\u00e7\u00e3o de uma reuni\u00e3o pelo Serpros. A pauta explicitava que o suplente de Silva seria empossado e que o conselho deliberaria sobre a escolha de um novo presidente para a funda\u00e7\u00e3o. O estatuto do Serpros determina que os trabalhos do conselho devem ocorrer com a presen\u00e7a de pelos quatro dos seis membros. Caso n\u00e3o haja qu\u00f3rum, uma segunda chamada deve ser realizada no dia seguinte. O normativo ainda prev\u00ea uma terceira chamada, com pelos menos tr\u00eas conselheiros, uma hora ap\u00f3s a segunda.<\/p>\n<p>&nbsp;<\/p>\n<p>Em e-mail enviado aos membros do colegiado em 12 maio, ap\u00f3s convoca\u00e7\u00e3o da segunda e da terceira chamadas, o presidente substituto do conselho deliberativo do Serpros, Marcos Benjamin da Silva, informou aos pares que n\u00e3o havia qu\u00f3rum para as delibera\u00e7\u00f5es. Assim, uma nova reuni\u00e3o foi realizada no dia 16, sem a presen\u00e7a dos conselheiros eleitos. E Ant\u00f4nio Carlos Melo da Silva, que havia renunciado ao posto no conselho deliberativo, foi escolhido presidente do fundo de pens\u00e3o.<\/p>\n<p>&nbsp;<\/p>\n<p>Inconformados com o desrespeito \u00e0s regras, os conselheiros eleitos pelos participantes do Serpros encaminharam den\u00fancia \u00e0 Superintend\u00eancia Nacional de Previd\u00eancia Complementar (Previc) para anular a delibera\u00e7\u00e3o. Eles avaliam que a decis\u00e3o foi tomada em desrespeito ao estatuto do fundo.<\/p>\n<p>Em nota, o Serpro, patrocinador do fundo, informou que foi comunicado pela funda\u00e7\u00e3o sobre a nomea\u00e7\u00e3o de Silva e assegurou que a escolha de\u00a0Ant\u00f4nio Carlos Melo da Silva foi realizada pelo conselho deliberativo da entidade, obedecendo a todos os ritos previstos na legisla\u00e7\u00e3o e no estatuto. Procurado, o Serpros n\u00e3o se manifestou.<\/p>\n<p>&nbsp;<\/p>\n<p><em>Bras\u00edlia, 12h10min<\/em><\/p>\n","protected":false},"excerpt":{"rendered":"<p>POR ANTONIO TEM\u00d3TEO &nbsp; O conselho deliberativo do Serpros, fundo de pens\u00e3o dos empregados do Servi\u00e7o Federal de Processamento de Dados (Serpro), se envolveu em mais uma confus\u00e3o. Depois de\u00a0Cl\u00e1udio Albuquerque Nascimento e Ant\u00f4nio Carlos Melo da Silva renunciarem aos postos de presidente executivo e de presidente do colegiado da entidade, respectivamente, por terem se [&hellip;]<\/p>\n","protected":false},"author":22,"featured_media":0,"comment_status":"open","ping_status":"closed","sticky":false,"template":"","format":"standard","meta":{"wpb_read_more":[],"footnotes":""},"categories":[1],"tags":[],"class_list":["post-1048","post","type-post","status-publish","format-standard","hentry","category-sem-categoria"],"_links":{"self":[{"href":"https:\/\/blogs2.correiobraziliense.com.br\/vicente\/wp-json\/wp\/v2\/posts\/1048","targetHints":{"allow":["GET"]}}],"collection":[{"href":"https:\/\/blogs2.correiobraziliense.com.br\/vicente\/wp-json\/wp\/v2\/posts"}],"about":[{"href":"https:\/\/blogs2.correiobraziliense.com.br\/vicente\/wp-json\/wp\/v2\/types\/post"}],"author":[{"embeddable":true,"href":"https:\/\/blogs2.correiobraziliense.com.br\/vicente\/wp-json\/wp\/v2\/users\/22"}],"replies":[{"embeddable":true,"href":"https:\/\/blogs2.correiobraziliense.com.br\/vicente\/wp-json\/wp\/v2\/comments?post=1048"}],"version-history":[{"count":1,"href":"https:\/\/blogs2.correiobraziliense.com.br\/vicente\/wp-json\/wp\/v2\/posts\/1048\/revisions"}],"predecessor-version":[{"id":1049,"href":"https:\/\/blogs2.correiobraziliense.com.br\/vicente\/wp-json\/wp\/v2\/posts\/1048\/revisions\/1049"}],"wp:attachment":[{"href":"https:\/\/blogs2.correiobraziliense.com.br\/vicente\/wp-json\/wp\/v2\/media?parent=1048"}],"wp:term":[{"taxonomy":"category","embeddable":true,"href":"https:\/\/blogs2.correiobraziliense.com.br\/vicente\/wp-json\/wp\/v2\/categories?post=1048"},{"taxonomy":"post_tag","embeddable":true,"href":"https:\/\/blogs2.correiobraziliense.com.br\/vicente\/wp-json\/wp\/v2\/tags?post=1048"}],"curies":[{"name":"wp","href":"https:\/\/api.w.org\/{rel}","templated":true}]}}