{"id":10494,"date":"2019-04-13T10:54:13","date_gmt":"2019-04-13T13:54:13","guid":{"rendered":"https:\/\/blogs2.correiobraziliense.com.br\/vicente\/?p=10494"},"modified":"2019-04-13T14:21:51","modified_gmt":"2019-04-13T17:21:51","slug":"ate-onde-vai-a-paciencia-de-paulo-guedes-perguntam-tecnicos-do-governo","status":"publish","type":"post","link":"https:\/\/blogs2.correiobraziliense.com.br\/vicente\/ate-onde-vai-a-paciencia-de-paulo-guedes-perguntam-tecnicos-do-governo\/","title":{"rendered":"&#8220;At\u00e9 onde vai a paci\u00eancia de Paulo Guedes?&#8221;, perguntam t\u00e9cnicos do governo"},"content":{"rendered":"<h2>T\u00e9cnicos da equipe econ\u00f4mica passaram a manh\u00e3 deste s\u00e1bado, 13 de abril, trocando uma s\u00e9rie de mensagens e impress\u00f5es sobre as a decis\u00e3o do presidente Jair Bolsonaro de intervir na Petrobras e suspender o reajuste de 5,7% no pre\u00e7o do diesel. A avalia\u00e7\u00e3o foi a de que a repercuss\u00e3o foi p\u00e9ssima. V\u00e1rios deles est\u00e3o se perguntando &#8220;at\u00e9 onde vai a paci\u00eancia de Paulo Guedes&#8221;. O ministro da Economia, liberal at\u00e9 a raiz dos cabelos, n\u00e3o foi consultado sobre a decis\u00e3o do presidente.<\/h2>\n<p>&nbsp;<\/p>\n<figure id=\"attachment_10371\" aria-describedby=\"caption-attachment-10371\" style=\"width: 513px\" class=\"wp-caption alignleft\"><a href=\"https:\/\/blogs2.correiobraziliense.com.br\/vicente\/wp-content\/uploads\/sites\/16\/2019\/04\/GuedesCCJ.jpg\"><img loading=\"lazy\" decoding=\"async\" class=\" wp-image-10371\" src=\"https:\/\/blogs2.correiobraziliense.com.br\/vicente\/wp-content\/uploads\/sites\/16\/2019\/04\/GuedesCCJ.jpg\" alt=\"\" width=\"513\" height=\"282\" srcset=\"https:\/\/blogs2.correiobraziliense.com.br\/vicente\/wp-content\/uploads\/sites\/16\/2019\/04\/GuedesCCJ.jpg 800w, https:\/\/blogs2.correiobraziliense.com.br\/vicente\/wp-content\/uploads\/sites\/16\/2019\/04\/GuedesCCJ-300x165.jpg 300w, https:\/\/blogs2.correiobraziliense.com.br\/vicente\/wp-content\/uploads\/sites\/16\/2019\/04\/GuedesCCJ-768x422.jpg 768w, https:\/\/blogs2.correiobraziliense.com.br\/vicente\/wp-content\/uploads\/sites\/16\/2019\/04\/GuedesCCJ-350x193.jpg 350w, https:\/\/blogs2.correiobraziliense.com.br\/vicente\/wp-content\/uploads\/sites\/16\/2019\/04\/GuedesCCJ-550x303.jpg 550w, https:\/\/blogs2.correiobraziliense.com.br\/vicente\/wp-content\/uploads\/sites\/16\/2019\/04\/GuedesCCJ-230x127.jpg 230w\" sizes=\"auto, (max-width: 513px) 100vw, 513px\" \/><\/a><figcaption id=\"caption-attachment-10371\" class=\"wp-caption-text\">Foto: Fabio Rodrigues Pozzebom\/Ag\u00eancia Brasil<\/figcaption><\/figure>\n<p>Para os t\u00e9cnicos, n\u00e3o h\u00e1 d\u00favidas de que o ministro foi &#8220;desmoralizado&#8221;. &#8220;Uma decis\u00e3o t\u00e3o grave como essa deixa o ministro numa situa\u00e7\u00e3o muito ruim&#8221;, afirma um dos integrantes da equipe econ\u00f4mica. Segundo ele, pode-se medir o tamanho da decep\u00e7\u00e3o de Paulo Guedes pela rea\u00e7\u00e3o dele ao ser perguntado pelos rep\u00f3rteres sobre a interven\u00e7\u00e3o de Bolsonaro na Petrobras. O ministro ressaltou o &#8220;sil\u00eancio ensurdecedor&#8221; dele para os questionamentos. Em um quadro de normalidade, Guedes, que est\u00e1 em Washington, Estados Unidos, n\u00e3o seria t\u00e3o grosseiro.<\/p>\n<p>&nbsp;<\/p>\n<p>Os t\u00e9cnicos asseguram que, dada \u00e0 repercuss\u00e3o negativa da interven\u00e7\u00e3o de Bolsonaro na Petrobras, certamente o presidente j\u00e1 deve ter falado com o ministro por telefone. Mas \u00e9 dif\u00edcil acreditar que Guedes esteja tranquilo. Quem o conhece sabe que ele tem pavio curto e n\u00e3o aceita ser desqualificado. Basta ver a rea\u00e7\u00e3o dele quando foi chamado de &#8220;tigr\u00e3o&#8221; e &#8220;tchutchuca&#8221; pelo deputado Zeca Dirceu (PT-PR) em uma sess\u00e3o da Comiss\u00e3o de Constitui\u00e7\u00e3o e Justi\u00e7a (CCJ). &#8220;O ministro sabe que muito da credibilidade do governo vem dele. Portanto, se come\u00e7a a ter a imagem arranhada, n\u00e3o deixar\u00e1 isso barato&#8221;, destaca outro t\u00e9cnico.<\/p>\n<p>&nbsp;<\/p>\n<p>Para integrantes da equipe econ\u00f4mica, n\u00e3o adianta o governo vir com a desculpa de que a Petrobras est\u00e1 sob a al\u00e7ada do Minist\u00e9rio de Minas e Energia e n\u00e3o do Minist\u00e9rio da Economia. &#8220;A interven\u00e7\u00e3o que houve na Petrobras no governo Dilma mostrou o que n\u00e3o se deve fazer. Foi um marco de uma pol\u00edtica desastrosa. Credibilidade \u00e9 tudo para um governo. N\u00e3o temos d\u00favidas de que o presidente, ao suspender o reajuste do diesel temendo greve dos caminhoneiros, minou uma boa parte do trabalho que vinha sendo feito pelo ministro Guedes. Isso n\u00e3o acabar\u00e1 bem&#8221;, acrescenta um terceiro t\u00e9cnico.<\/p>\n<p>&nbsp;<\/p>\n<p>Por causa da decis\u00e3o de Bolsonaro de intervir na Petrobras, as a\u00e7\u00f5es da empresa ca\u00edram mais de 8% na sexta-feira, 12 de abril, fazendo com que o valor de mercado em Bolsa da estatal recuasse R$ 32,4 bilh\u00f5es.<\/p>\n<p>&nbsp;<\/p>\n<p><em>Bras\u00edlia, 10h54min<\/em><\/p>\n","protected":false},"excerpt":{"rendered":"<p>T\u00e9cnicos da equipe econ\u00f4mica passaram a manh\u00e3 deste s\u00e1bado, 13 de abril, trocando uma s\u00e9rie de mensagens e impress\u00f5es sobre as a decis\u00e3o do presidente Jair Bolsonaro de intervir na Petrobras e suspender o reajuste de 5,7% no pre\u00e7o do diesel. A avalia\u00e7\u00e3o foi a de que a repercuss\u00e3o foi p\u00e9ssima. V\u00e1rios deles est\u00e3o se [&hellip;]<\/p>\n","protected":false},"author":22,"featured_media":0,"comment_status":"open","ping_status":"closed","sticky":false,"template":"","format":"standard","meta":{"wpb_read_more":[],"footnotes":""},"categories":[600],"tags":[3240,2554,3367,710,3613,228,269,279,3795],"class_list":["post-10494","post","type-post","status-publish","format-standard","hentry","category-economia","tag-4-bilhoes","tag-bolsonaro","tag-diesel","tag-intervencao","tag-paulo-guedes","tag-petrobras","tag-preco","tag-queda","tag-r-32"],"_links":{"self":[{"href":"https:\/\/blogs2.correiobraziliense.com.br\/vicente\/wp-json\/wp\/v2\/posts\/10494","targetHints":{"allow":["GET"]}}],"collection":[{"href":"https:\/\/blogs2.correiobraziliense.com.br\/vicente\/wp-json\/wp\/v2\/posts"}],"about":[{"href":"https:\/\/blogs2.correiobraziliense.com.br\/vicente\/wp-json\/wp\/v2\/types\/post"}],"author":[{"embeddable":true,"href":"https:\/\/blogs2.correiobraziliense.com.br\/vicente\/wp-json\/wp\/v2\/users\/22"}],"replies":[{"embeddable":true,"href":"https:\/\/blogs2.correiobraziliense.com.br\/vicente\/wp-json\/wp\/v2\/comments?post=10494"}],"version-history":[{"count":1,"href":"https:\/\/blogs2.correiobraziliense.com.br\/vicente\/wp-json\/wp\/v2\/posts\/10494\/revisions"}],"predecessor-version":[{"id":10495,"href":"https:\/\/blogs2.correiobraziliense.com.br\/vicente\/wp-json\/wp\/v2\/posts\/10494\/revisions\/10495"}],"wp:attachment":[{"href":"https:\/\/blogs2.correiobraziliense.com.br\/vicente\/wp-json\/wp\/v2\/media?parent=10494"}],"wp:term":[{"taxonomy":"category","embeddable":true,"href":"https:\/\/blogs2.correiobraziliense.com.br\/vicente\/wp-json\/wp\/v2\/categories?post=10494"},{"taxonomy":"post_tag","embeddable":true,"href":"https:\/\/blogs2.correiobraziliense.com.br\/vicente\/wp-json\/wp\/v2\/tags?post=10494"}],"curies":[{"name":"wp","href":"https:\/\/api.w.org\/{rel}","templated":true}]}}