{"id":1050,"date":"2016-05-20T00:01:36","date_gmt":"2016-05-20T03:01:36","guid":{"rendered":"https:\/\/blogs2.correiobraziliense.com.br\/vicente\/?p=1050"},"modified":"2016-05-20T13:51:35","modified_gmt":"2016-05-20T16:51:35","slug":"todos-terao-de-dar-sua-cota-de-sacrificio-diz-meirelles","status":"publish","type":"post","link":"https:\/\/blogs2.correiobraziliense.com.br\/vicente\/todos-terao-de-dar-sua-cota-de-sacrificio-diz-meirelles\/","title":{"rendered":"&#8220;Todos ter\u00e3o de dar sua cota de sacrif\u00edcio&#8221;, diz Meirelles"},"content":{"rendered":"<p>POR PAULO SILVA PINTO, ROSANA HESSEL E VICENTE NUNES<\/p>\n<p>&nbsp;<\/p>\n<p><em>Henrique Meirelles est\u00e1 completando uma semana no comando do Minist\u00e9rio da Fazenda sem ter em m\u00e3os o tamanho do rombo das contas p\u00fablicas deste ano. Ele promete apresentar hoje o relat\u00f3rio bimestral de avalia\u00e7\u00e3o de receitas e despesas, mas a t\u00e3o esperada meta fiscal s\u00f3 sair\u00e1 na segunda-feira. \u201cTemos uma situa\u00e7\u00e3o grave, que exige medidas duras e importantes\u201d, diz. Desde que tomou posse, o ministro praticamente n\u00e3o dorme. Sabe o tamanho da responsabilidade que assumiu ao ingressar no governo de Michel Temer, ainda provis\u00f3rio. Por isso, \u00e9 enf\u00e1tico quando fala do risco de fracassar nas miss\u00f5es de tirar o pa\u00eds da recess\u00e3o, conter o desemprego e arrumar as contas p\u00fablicas. \u201cEstamos com pressa, mas n\u00e3o podemos errar\u201d, afirma.<\/em><\/p>\n<p><em>Na avalia\u00e7\u00e3o de Meirelles, a situa\u00e7\u00e3o na qual o Brasil se encontra atualmente \u00e9 pior do que a que encontrou em 2003, quando assumiu a Presid\u00eancia do Banco Central do governo Lula. Diante da emerg\u00eancia, ele alerta: n\u00e3o haver\u00e1 escapat\u00f3ria. \u201cTodos t\u00eam que dar sua cota de sacrif\u00edcio.\u201d Isso passa pela reforma da Previd\u00eancia Social, que vai impor idade m\u00ednima para aposentadoria; pelo Congresso, que precisa aprovar todas as medidas do ajuste fiscal; pelo Judici\u00e1rio; pelos servidores p\u00fablicos. \u201cVamos dar todas as informa\u00e7\u00f5es \u00e0 sociedade, para que decida. O povo \u00e9 s\u00e1bio, muito mais do que os dirigentes pensam, desde que tenha acesso a todos os dados\u201d, acrescenta.<\/em><\/p>\n<p><em>Apesar da cobran\u00e7a dos investidores por medidas concretas para tirar o Brasil do atoleiro, o ministro diz que tudo ser\u00e1 anunciado na hora certa, a fim de evitar o vaiv\u00e9m de decis\u00f5es. Para o nervosismo do mercado, afirma ter a receita: um pouco de ansiol\u00edtico. Segundo ele, o formulador de pol\u00edticas n\u00e3o tem que atender a essa ansiedade. \u201cN\u00e3o queremos que haja mais frustra\u00e7\u00f5es\u201d, frisa. Leia, a seguir, os principais trechos da primeira entrevista exclusiva que Meirelles concedeu a um jornal impresso desde que foi nomeado.<\/em><\/p>\n<p>&nbsp;<\/p>\n<figure id=\"attachment_1053\" aria-describedby=\"caption-attachment-1053\" style=\"width: 279px\" class=\"wp-caption alignnone\"><a href=\"https:\/\/blogs2.correiobraziliense.com.br\/vicente\/wp-content\/uploads\/sites\/16\/2016\/05\/Meirelles.jpg\" rel=\"attachment wp-att-1053\"><img loading=\"lazy\" decoding=\"async\" class=\" wp-image-1053\" src=\"https:\/\/blogs2.correiobraziliense.com.br\/vicente\/wp-content\/uploads\/sites\/16\/2016\/05\/Meirelles-200x300.jpg\" alt=\"19\/05\/2016. Cr\u00e9dito: Rodrigo Nunes\/Esp. CB\/D.A Press. Brasil. Bras\u00edlia - DF. Entrevista com o ministro da fazenda Henrique Meirelles, em seu gabinete no minist\u00e9rio.\" width=\"279\" height=\"419\" srcset=\"https:\/\/blogs2.correiobraziliense.com.br\/vicente\/wp-content\/uploads\/sites\/16\/2016\/05\/Meirelles-200x300.jpg 200w, https:\/\/blogs2.correiobraziliense.com.br\/vicente\/wp-content\/uploads\/sites\/16\/2016\/05\/Meirelles-768x1152.jpg 768w, https:\/\/blogs2.correiobraziliense.com.br\/vicente\/wp-content\/uploads\/sites\/16\/2016\/05\/Meirelles-683x1024.jpg 683w, https:\/\/blogs2.correiobraziliense.com.br\/vicente\/wp-content\/uploads\/sites\/16\/2016\/05\/Meirelles-233x350.jpg 233w, https:\/\/blogs2.correiobraziliense.com.br\/vicente\/wp-content\/uploads\/sites\/16\/2016\/05\/Meirelles-550x825.jpg 550w, https:\/\/blogs2.correiobraziliense.com.br\/vicente\/wp-content\/uploads\/sites\/16\/2016\/05\/Meirelles-230x345.jpg 230w, https:\/\/blogs2.correiobraziliense.com.br\/vicente\/wp-content\/uploads\/sites\/16\/2016\/05\/Meirelles.jpg 800w\" sizes=\"auto, (max-width: 279px) 100vw, 279px\" \/><\/a><figcaption id=\"caption-attachment-1053\" class=\"wp-caption-text\">Foto de Rodrigo Nunes\/Esp\/CB\/D.A Press<\/figcaption><\/figure>\n<p>&nbsp;<\/p>\n<p><strong>H\u00e1 muitas expectativas dos agentes econ\u00f4micos em rela\u00e7\u00e3o ao que este governo vai entregar. Tamb\u00e9m havia isso quando Joaquim Levy chegou \u00e0 Fazenda. H\u00e1 risco de uma nova frustra\u00e7\u00e3o?<\/strong><br \/>\nA minha expectativa \u00e9 de que o governo cumpra o que \u00e9 esperado pela popula\u00e7\u00e3o. \u00c9 um governo novo, que tem um compromisso com a agenda de reformas necess\u00e1ria no momento. Colocou isso de forma clara, por meio de documentos publicados antes. Minhas posi\u00e7\u00f5es s\u00e3o muito conhecidas a respeito de tudo isso. Antes de virmos para o governo, o presidente Michel Temer e eu discutimos profundamente essas quest\u00f5es. Temos seguran\u00e7a grande de que teremos condi\u00e7\u00f5es de formular medidas em primeiro lugar e de negoci\u00e1-las em segundo. \u00c9 um governo que tem participa\u00e7\u00e3o muito grande do\u00a0 Congresso na sua entrada. Ent\u00e3o, tem grande capacidade de negocia\u00e7\u00e3o. Com o governo unido, sem disson\u00e2ncias, acredito que temos as condi\u00e7\u00f5es necess\u00e1rias para cumprir os objetivos.<\/p>\n<p>&nbsp;<\/p>\n<p><strong>O que \u00e9 o projeto de governo que o senhor menciona? \u00c9 resgatar o pa\u00eds da recess\u00e3o?<\/strong><br \/>\nTem como objetivo exatamente tirar o pa\u00eds da recess\u00e3o. E, mais do que isso, criar condi\u00e7\u00f5es para o crescimento sustent\u00e1vel. Em primeiro lugar, devemos adotar medidas de curto prazo que elevem a confian\u00e7a e, em consequ\u00eancia, elevem o investimento, a contrata\u00e7\u00e3o, as vendas e a concess\u00e3o de cr\u00e9dito, de maneira que a economia volte a crescer a curto prazo. \u00c9 preciso tamb\u00e9m que as medidas de ajuste fiscal demonstrem que a trajet\u00f3ria da d\u00edvida p\u00fablica vai se estabilizar, em algum momento, como percentual do Produto Interno Bruto (PIB) e depois come\u00e7ar a cair gradualmente, n\u00e3o como expectativa, meramente, mas com medidas aprovadas no Congresso. Outro ponto \u00e9 criar\u00a0 uma agenda pr\u00f3-crescimento, melhorando ambiente de neg\u00f3cios, custo Brasil, produtividade, investimentos em infraestrutra, tudo isso. \u00c9 um projeto em andamento.<\/p>\n<p>&nbsp;<\/p>\n<p><strong>Quando haver\u00e1 revers\u00e3o na trajet\u00f3ria de queda do PIB?<\/strong><br \/>\nUm erro cometido v\u00e1rias vezes por governantes \u00e9 que s\u00e3o muito otimistas em suas proje\u00e7\u00f5es. Proje\u00e7\u00f5es que depois n\u00e3o se realizam s\u00e3o negativas porque come\u00e7am a criar frustra\u00e7\u00e3o, mesmo que tudo esteja sendo feito certo. Eu sou muito cuidadoso. N\u00e3o quero fixar data, prazo, exatamente porque existe uma s\u00e9rie de coisas em andamento.<\/p>\n<p>&nbsp;<\/p>\n<p><strong>O que precisa ser feito?<\/strong><br \/>\nEstamos formulando as propostas. A primeira coisa que estamos fazendo \u00e9 dimensionar o tamanho do deficit p\u00fablico exatamente para este ano. Ent\u00e3o, concluindo isso, vamos projetar (o deficit) e, em seguida, a formata\u00e7\u00e3o das medidas. Depois vir\u00e3o a discuss\u00e3o e o processo de vota\u00e7\u00e3o no Congresso. A velocidade depende de negocia\u00e7\u00e3o com a sociedade e com o Congresso. Isso faz parte da democracia, tem que ser assim.<\/p>\n<p>&nbsp;<\/p>\n<p><strong>Como foi sua experi\u00eancia no in\u00edcio do governo Lula?<\/strong><br \/>\nEm 2003, n\u00e3o t\u00ednhamos previs\u00e3o de quando se daria a recupera\u00e7\u00e3o. Quando ela come\u00e7ou, eu me lembro muito bem. Fiz uma palestra na segunda semana de julho, em S\u00e3o Paulo. Eu estava falando com o mercado e j\u00e1 tinha alguns dados, os indicadores antecedentes, e disse que, naquele momento, o Brasil j\u00e1 tinha come\u00e7ado a crescer. Mas estavam sendo divulgados todos os n\u00fameros de recess\u00e3o do primeiro e do segundo trimestres. Eu encontrei um clima de ceticismo. O que \u00e9 isso? O Henrique Meirelles sempre foi um homem prudente e de repente ficou otimista? N\u00e3o. Eu tinha dados concretos.<\/p>\n<p>&nbsp;<\/p>\n<p><strong>Mas a situa\u00e7\u00e3o hoje \u00e9 pior que em 2003, n\u00e3o \u00e9?<\/strong><br \/>\n\u00c9 uma situa\u00e7\u00e3o complexa. Tem coisas que s\u00e3o piores, de fato, como a situa\u00e7\u00e3o fiscal. Muitas mudan\u00e7as \u2014 n\u00e3o todas \u2014 dependem hoje de altera\u00e7\u00f5es legais. V\u00e1rias s\u00e3o administrativas, algumas podem vir a necessitar de altera\u00e7\u00e3o constitucional. S\u00e3o mudan\u00e7as estruturais. Naquela \u00e9poca, houve a quest\u00e3o da Previd\u00eancia do servidor p\u00fablico. Houve algumas quest\u00f5es que envolviam o Congresso, como a reforma do cr\u00e9dito. Mas a parte mais importante foi a estabiliza\u00e7\u00e3o da economia, medidas que eram poss\u00edveis de serem tomadas naquele momento por decis\u00f5es do Executivo: do Banco Central (BC) e da Fazenda. Mas t\u00ednhamos, naquela \u00e9poca, uma quest\u00e3o muito grave de reservas internacionais, que eram menores que a d\u00edvida de curto prazo com \u00f3rg\u00e3os multilaterais.<\/p>\n<p>&nbsp;<\/p>\n<p><strong>O Brasil estava de joelhos, n\u00e3o?<\/strong><br \/>\nEstava. T\u00ednhamos reservas abaixo de US$ 30 bilh\u00f5es e a d\u00edvida com o Fundo Monet\u00e1ria Internacional (FMI) de curto prazo era de US$ 30 bilh\u00f5es, mais o Clube de Paris. Hoje, n\u00e3o. As reservas foram constru\u00eddas naquela \u00e9poca. Elas est\u00e3o a\u00ed. Temos um mercado de consumo grande, por outro lado, que foi uma conquista daquela fase. A classe m\u00e9dia saiu de 68 milh\u00f5es de pessoas para 120 milh\u00f5es nesse per\u00edodo. Mas, agora, a situa\u00e7\u00e3o fiscal, a situa\u00e7\u00e3o da falta de confian\u00e7a para investir \u00e9 grav\u00edssima.<\/p>\n<p>&nbsp;<\/p>\n<p><strong>Entre os seus assessores se diz que as contas p\u00fablicas hoje est\u00e3o em uma situa\u00e7\u00e3o de descalabro. \u00c9 isso mesmo?<\/strong><br \/>\nEu diria que \u00e9 uma situa\u00e7\u00e3o grave, que exige medidas duras e medidas importantes. J\u00e1 iniciamos esse trabalho, de explicar \u00e0 sociedade. J\u00e1 come\u00e7ou a diminui\u00e7\u00e3o de minist\u00e9rios. Depois, vir\u00e1 a extin\u00e7\u00e3o de cargos comissionados. E por a\u00ed vai. O governo come\u00e7a a cortar na carne exatamente para dar a demonstra\u00e7\u00e3o \u00e0 sociedade. N\u00f3s sabemos que o povo \u00e9 s\u00e1bio \u2014 muito mais s\u00e1bio do que alguns dirigentes pensam \u2014, desde que tenha as informa\u00e7\u00f5es corretas.<\/p>\n<p>&nbsp;<\/p>\n<p><strong>O momento atual exige uma cota de sacrif\u00edcio de todos?<\/strong><br \/>\nSim. Todos temos que dar a nossa parte. Todos t\u00eam que dar a sua cota de sacrif\u00edcio.<\/p>\n<p>&nbsp;<\/p>\n<p><strong>Uma das cr\u00edticas ao governo anterior \u00e9 que at\u00e9 as proje\u00e7\u00f5es de PIB e receita eram muito mais otimistas que as do mercado. Pode-se esperar previs\u00e3o mais realista de receita e de despesas?<\/strong><br \/>\nSim. E \u00e9 exatamente nosso maior trabalho nesta semana: fazer previs\u00f5es realistas de despesa e de receita. Vou dar um exemplo, uma discuss\u00e3o que estou tendo com a Receita, com bancos:\u00a0 quanto se vai arrecadar com a repatria\u00e7\u00e3o de capital no exterior? N\u00f3s s\u00f3 vamos saber disso em outubro, mas temos que fazer uma proje\u00e7\u00e3o agora, colocar no Or\u00e7amento. Temos que dizer, de boa-f\u00e9, com seriedade, que est\u00e1 sujeita a erro.<\/p>\n<p>&nbsp;<\/p>\n<p><strong>O rombo que voc\u00eas v\u00e3o mostrar nas contas p\u00fablicas tamb\u00e9m est\u00e1 sujeito a erros?<\/strong><br \/>\nSempre est\u00e1. Qualquer estimativa est\u00e1 sujeita a erro. Quais s\u00e3o exatamente a quantidade, o volume de arrecada\u00e7\u00e3o, o PIB e outras coisas.<\/p>\n<p>&nbsp;<\/p>\n<p><strong>O senhor est\u00e1 falando da necessidade de capitaliza\u00e7\u00e3o das estatais, como Petrobras e Eletrobras?<\/strong><br \/>\nN\u00e3o sei. Vamos aguardar. A Petrobras, por exemplo, fez uma emiss\u00e3o. \u00c9 uma boa not\u00edcia. Mas vamos ver qual vai ser a consequ\u00eancia da situa\u00e7\u00e3o da Eletrobras. Qualquer estimativa \u00e9 assim. Normalmente, a boa estimativa termina por se aproximar da realidade. O Focus, do BC, publica as previs\u00f5es dos Top 5, os que mais acerta. Est\u00e3o sempre mudando. E todo mundo trabalha s\u00e9rio para acertar.<\/p>\n<p>&nbsp;<\/p>\n<p><strong>Hoje o rombo est\u00e1 em quanto? J\u00e1 se falou em R$ 120 bilh\u00f5es, R$ 150 bilh\u00f5es, R$ 160 bilh\u00f5es. A cada dia aumenta.<\/strong><br \/>\nAt\u00e9 segunda-feira n\u00f3s vamos ver isso.<\/p>\n<p>&nbsp;<\/p>\n<p><strong>O governo vai manter os abatimentos que o governo anterior costumava empregar? Isso \u00e9 considerado no mercado como uma gambiarra. N\u00e3o atrapalha?<\/strong><br \/>\nN\u00f3s vamos olhar isso at\u00e9 segunda-feira. Estamos levantando n\u00fameros. E depois sentaremos para definir.<\/p>\n<p>&nbsp;<\/p>\n<p><strong>Quanto \u00e0 Previd\u00eancia, as centrais sindicais dizem que h\u00e1 um ralo muito grande, que o governo n\u00e3o controla. Uma pol\u00edtica para reverter isso poderia ser apresentada como contrapartida \u00e0 reforma?<\/strong><br \/>\nEssa \u00e9 uma avalia\u00e7\u00e3o que muitos t\u00eam. O Marcelo Caetano, que foi nomeado secret\u00e1rio da Previd\u00eancia, est\u00e1 chegando amanh\u00e3 (hoje). Ainda em viagem, j\u00e1 est\u00e1 organizando diversos grupos de trabalho. No Tesouro, no Instituto de Pesquisa Econ\u00f4mica Aplicada (Ipea), no Congresso, entre analistas independentes, existem muitos estudos. Vamos trabalhar intensamente nisso a partir do fim de semana. Existem quest\u00f5es demogr\u00e1ficas e previdenci\u00e1rias que s\u00e3o comuns a muitos pa\u00edses ricos. A Alemanha colocou 67 anos de idade m\u00ednima. Hoje, o Brasil tem uma expectativa de vida\u00a0 superior a isso. Melhorou muito. N\u00e3o se pode ter uma regra que seja baseada no que havia d\u00e9cadas atr\u00e1s.<\/p>\n<p>&nbsp;<\/p>\n<p><strong>A vincula\u00e7\u00e3o de benef\u00edcios previdenci\u00e1rios ao sal\u00e1rio m\u00ednimo e o reajuste do piso pela varia\u00e7\u00e3o do PIB s\u00e3o problemas?<\/strong><br \/>\nEsse \u00e9 um dos aspectos que v\u00e3o ser discutidos. O grupo de trabalho com as centrais se reuniu pela primeira vez. Na reforma da Previd\u00eancia, tem de haver um debate com a sociedade e um debate com o Congresso.<\/p>\n<p>&nbsp;<\/p>\n<p><strong>Mas, se n\u00e3o houver um consenso, o governo vai levar o projeto adiante, n\u00e3o vai?<\/strong><br \/>\nSim, vai levar. Mas espera-se que tenha um consenso, porque as pessoas entendem que, mais importante at\u00e9 do que n\u00f3s assegurarmos regras atuais, \u00e9 n\u00f3s assegurarmos que o trabalhador vai receber a aposentadoria daqui a 10, 20, 30 anos. Em diversos pa\u00edses, a Previd\u00eancia n\u00e3o conseguiu cumprir suas obriga\u00e7\u00f5es.<\/p>\n<p>&nbsp;<\/p>\n<p><strong>As aposentadorias do setor p\u00fablico custam muito mais ao Estado do que as do setor privado. H\u00e1 algo pensado a respeito disso?<\/strong><br \/>\nIsso certamente est\u00e1 na agenda. O que n\u00e3o estou fazendo \u00e9, nos primeiros dias, decidir o que vai ser feito.<\/p>\n<p>&nbsp;<\/p>\n<p><strong>Mas existe uma linha, com idade m\u00ednima e unifica\u00e7\u00e3o de sistemas, certo?<\/strong><br \/>\nTodas as pessoas que estudaram esse assunto t\u00eam uma ideia de como deveria ser. Est\u00e1 justamente na hora de come\u00e7armos a discutir e termos uma proposta do governo. Depois, \u00e9 levar para o Congresso. Neste momento, \u00e9 preciso ter muito bom senso, realismo, cabe\u00e7a aberta, e observar. Vamos olhar tudo isso e formular uma proposta. Quanto mais colabora\u00e7\u00e3o, melhor. Temos o prazo fixado pelo presidente, de 30 dias. Hoje eu recebi a opini\u00e3o de um especialista importante, de fora do governo, muito s\u00e9rio, que tem estudado o tema a vida inteira. Ele me mandou uma mensagem dizendo o seguinte: eu acho um m\u00eas pouco para definir isso. \u00c9 um assunto muito complexo. \u00c9 mais prudente fixar um prazo maior.<\/p>\n<p>&nbsp;<\/p>\n<p><strong>O que o senhor acha dessa proposta de dilata\u00e7\u00e3o do prazo?<\/strong><br \/>\nEu disse a ele: vamos olhar. Fundamente um pouco mais isso.<\/p>\n<p>&nbsp;<\/p>\n<p><strong>Ent\u00e3o o prazo pode ser dilatado?<\/strong><br \/>\nN\u00e3o sei. Idealmente, vamos fazer em 30 dias. Mas temos de ser realistas. Fazer uma reforma benfeita, para valer pelas pr\u00f3ximas d\u00e9cadas.<\/p>\n<p>&nbsp;<\/p>\n<p><strong>N\u00e3o se adiou demais a reforma nos \u00faltimos anos? A cada dia, o problema aumenta, n\u00e3o?<\/strong><br \/>\nPois \u00e9. Mas 15 dias n\u00e3o fazem diferen\u00e7a no quadro atuarial. E podem fazer muita diferen\u00e7a na qualidade da proposta, na precis\u00e3o das regras e na efic\u00e1cia da reforma.<\/p>\n<p>&nbsp;<\/p>\n<p><strong>Tem de acabar com privil\u00e9gios, certo?<\/strong><br \/>\nPara fazermos reformas profundas, eficientes e que cumpram o seu objetivo, \u00e9 necess\u00e1ria a participa\u00e7\u00e3o de todos. E tamb\u00e9m que se veja que todos est\u00e3o juntos, para que cada um esteja disposto a fazer sua parcela. Ningu\u00e9m gosta de pagar mais. \u00c9 l\u00f3gico. Normal. Um direito leg\u00edtimo. O presidente do sindicato defender o interesse daquela categoria \u00e9 normal.<\/p>\n<p>&nbsp;<\/p>\n<p><strong>O senhor certamente vai ajudar a formular a proposta.<\/strong><br \/>\nL\u00f3gico. A Secretaria da Previd\u00eancia \u00e9 o \u00f3rg\u00e3o que vai fazer a proposta. Esse grupo de trabalho, de que eu gostei muito desde o in\u00edcio, est\u00e1 sendo coordenado de uma maneira muito objetiva, pr\u00e1tica e eficiente pelo ministro Padilha.<\/p>\n<p>&nbsp;<\/p>\n<p><strong>Houve, nos \u00faltimos anos, muitas pol\u00edticas direcionadas, com benef\u00edcios fiscais, para setores escolhidos. Isso acabou no governo?<\/strong><br \/>\nO cerne \u00e9 o que podemos chamar de efici\u00eancia. Qualquer coisa tem de ser medida. Primeiro quantificado, em estimativa, depois aferido o resultado. Funcionou? Deu incentivo e aumentou a produ\u00e7\u00e3o de fato? Gerou emprego? Tem de prever isso da melhor maneira poss\u00edvel e depois aferir o resultado.<\/p>\n<p>&nbsp;<\/p>\n<p><strong>O senhor \u00e9 a favor de medidas espec\u00edficas?<\/strong><br \/>\nComo princ\u00edpio, considero eficientes as pol\u00edticas gerais, para a economia como um todo, n\u00e3o para setores espec\u00edficos. Por princ\u00edpios de a\u00e7\u00e3o, acredito na livre competi\u00e7\u00e3o, em mercados o mais abertos poss\u00edveis. O ministro Moreira Franco est\u00e1 a\u00ed, conduzindo o processo de concess\u00f5es. Ele tem falado corretamente na quest\u00e3o da maior competi\u00e7\u00e3o, na abertura, no menor direcionamento. Est\u00e1 corret\u00edssimo.<\/p>\n<p>&nbsp;<\/p>\n<p><strong>O senhor presidiu o conselho da holding J&amp;F, \u00e0 qual pertence a JBS. \u00c9 o caso de uma empresa que recebeu muitos incentivos. Teria sido poss\u00edvel ela crescer tanto sem isso?<\/strong><br \/>\n\u00c9 dif\u00edcil saber. E eu n\u00e3o estou preocupado com essa situa\u00e7\u00e3o espec\u00edfica, ou pol\u00edticas espec\u00edficas que foram adotadas no passado. Em alguns casos funcionaram, em outros, n\u00e3o. Quando isso foi feito (para a JBS), eu nem estava l\u00e1. Entrei muitos anos depois. N\u00e3o tenho nenhuma opini\u00e3o formada sobre isso, e n\u00e3o \u00e9 relevante. O que \u00e9 relevante s\u00e3o o custo hoje para o pa\u00eds e a defini\u00e7\u00e3o de pol\u00edticas que sejam eficientes.<\/p>\n<p>&nbsp;<\/p>\n<p><strong>Poder\u00e1 haver pol\u00edticas de incentivo?<\/strong><br \/>\nN\u00e3o sei. Vamos ver. \u00c9 prematuro dizer.<\/p>\n<p>&nbsp;<\/p>\n<p><strong>O que podemos esperar como primeiras medidas?<\/strong><br \/>\nPor enquanto estou evitando dizer isso.<\/p>\n<p>&nbsp;<\/p>\n<p><strong>O mercado financeiro est\u00e1 enlouquecido.<\/strong><br \/>\nEu sei. Um dos meus maiores trabalhos tem sido exatamente dar explica\u00e7\u00f5es para os mercados, acalmar, receitar um pouco de ansiol\u00edtico. O d\u00f3lar hoje (ontem) est\u00e1 refletindo o efeito do Fed (Banco Central Americano).<\/p>\n<p>&nbsp;<\/p>\n<p><strong>Falta paci\u00eancia do mercado neste momento?<\/strong><br \/>\nN\u00e3o. \u00c9 normal. O mercado, por defini\u00e7\u00e3o, \u00e9 ansioso. Seja no BC ou, antes, no setor privado, eu acompanhei de perto o mercado, supervisionei o mercado. O BC tem as mesas todas que lidavam com isso. O operador, por defini\u00e7\u00e3o, \u00e9 ansioso. Se n\u00e3o, ele perde a oportunidade. Ele tem de se mover r\u00e1pido. Isso n\u00e3o quer dizer que o formulador de pol\u00edticas tem de ser ansioso ou tem de atender a essa ansiedade do mercado.<\/p>\n<p>&nbsp;<\/p>\n<p><strong>O problema \u00e9 que houve muita\u00a0 frustra\u00e7\u00e3o.<\/strong><br \/>\nIsso \u00e9 importante. Exatamente para n\u00e3o corrermos o risco de gerar novas frustra\u00e7\u00f5es, n\u00f3s n\u00e3o podemos ceder \u00e0 ansiedade. Muitas vezes, isso leva \u00e0 frustra\u00e7\u00e3o, e a medidas precipitadas e mal estudadas para poder satisfazer a ansiedade. Vamos devagar. Porque n\u00f3s estamos com pressa e n\u00e3o podemos errar. Agora, temos de acertar. N\u00e3o s\u00e3o uma semana ou duas semanas que v\u00e3o fazer diferen\u00e7a nas pr\u00f3ximas d\u00e9cadas, mas \u00e9 a corre\u00e7\u00e3o das medidas. Ent\u00e3o vamos trabalhar duro. Vamos ter pressa no trabalho, mas n\u00e3o na conclus\u00e3o precipitada. Est\u00e1 todo mundo trabalhando duro, com senso de urg\u00eancia.<\/p>\n<p>&nbsp;<\/p>\n<p><strong>Qual \u00e9 o papel que o BC vai ter no conjunto de medidas e no resgate da credibilidade?<\/strong><br \/>\nVai cumprir seu papel de guardi\u00e3o da moeda, com autonomia.<\/p>\n<p>&nbsp;<\/p>\n<p><strong>O mercado diz que o governo Temer tem 60 dias para resolver tudo, devido \u00e0s elei\u00e7\u00f5es municipais e aos prazos do Congresso para os projetos de lei e de emenda constitucional. O temor \u00e9 que, no fim desse prazo, seja necess\u00e1rio dar boas not\u00edcias ao mercado, como queda de juros. Isso poder\u00e1 acontecer?<\/strong><br \/>\nN\u00e3o. O que est\u00e1 no horizonte \u00e9 que todas as \u00e1reas, inclusive o BC, tome as medidas corretas. O que se espera \u00e9 que o BC controle a infla\u00e7\u00e3o. Essa \u00e9 a medida correta, que a infla\u00e7\u00e3o convirja para a meta, que o mercado de c\u00e2mbio preserve a liquidez e a livre flutua\u00e7\u00e3o da moeda, que os bancos continuem bem supervisionados, ent\u00e3o o BC cumpre sua fun\u00e7\u00e3o b\u00e1sica. N\u00e3o pode ter a miss\u00e3o de dar boas not\u00edcias a curto prazo. Por isso tem de agir com autonomia. \u00c9 cl\u00e1ssico isso.<\/p>\n<p>&nbsp;<\/p>\n<p><strong>O senhor prev\u00ea crescimento do PIB j\u00e1 em 2017? Alguns bancos est\u00e3o revisando suas proje\u00e7\u00f5es. O Credit Suisse, que previa queda de 1% e agora j\u00e1 prev\u00ea alta de 0,5%. Tem gente que prev\u00ea at\u00e9 3%.<\/strong><br \/>\nVamos esperar que isso aconte\u00e7a.<\/p>\n<p>&nbsp;<\/p>\n<p><strong>Livre flutua\u00e7\u00e3o da moeda significa menos opera\u00e7\u00f5es de swap no BC?<\/strong><br \/>\nNa medida em que o BC vai operar com autonomia, eu n\u00e3o vou come\u00e7ar opinando sobre o que se deve fazer nem na taxa de juros, nem nos swaps cambiais.<\/p>\n<p>&nbsp;<\/p>\n<p><strong>Mas o senhor deu orienta\u00e7\u00f5es iniciais?<\/strong><br \/>\nN\u00e3o. A orienta\u00e7\u00e3o \u00e9 essa: que o BC cumpra suas metas.<\/p>\n<p>&nbsp;<\/p>\n<p><strong>Como ficar\u00e1 a Proposta de Emenda \u00e0 Constitui\u00e7\u00e3o (PEC) que estabelece foro privilegiado para o BC?<\/strong><br \/>\nA PEC est\u00e1 sendo trabalhada pela Advocacia-Geral da Uni\u00e3o (AGU). Eu j\u00e1 estudei, j\u00e1 dei opini\u00f5es. Isso ser\u00e1 levado ao Congresso o mais r\u00e1pido poss\u00edvel. \u00c9 uma PEC que, em primeiro lugar, define o foro privilegiado para o presidente e os diretores do BC e o advogado-geral da Uni\u00e3o. Em segundo lugar, ela coloca na Constitui\u00e7\u00e3o que o BC tem autonomia t\u00e9cnica para trabalhar. Ponto.<\/p>\n<p>&nbsp;<\/p>\n<p><em>Bras\u00edlia, 00h01min<\/em><\/p>\n","protected":false},"excerpt":{"rendered":"<p>POR PAULO SILVA PINTO, ROSANA HESSEL E VICENTE NUNES &nbsp; Henrique Meirelles est\u00e1 completando uma semana no comando do Minist\u00e9rio da Fazenda sem ter em m\u00e3os o tamanho do rombo das contas p\u00fablicas deste ano. Ele promete apresentar hoje o relat\u00f3rio bimestral de avalia\u00e7\u00e3o de receitas e despesas, mas a t\u00e3o esperada meta fiscal s\u00f3 [&hellip;]<\/p>\n","protected":false},"author":22,"featured_media":0,"comment_status":"open","ping_status":"closed","sticky":false,"template":"","format":"standard","meta":{"wpb_read_more":[],"footnotes":""},"categories":[1],"tags":[],"class_list":["post-1050","post","type-post","status-publish","format-standard","hentry","category-sem-categoria"],"_links":{"self":[{"href":"https:\/\/blogs2.correiobraziliense.com.br\/vicente\/wp-json\/wp\/v2\/posts\/1050","targetHints":{"allow":["GET"]}}],"collection":[{"href":"https:\/\/blogs2.correiobraziliense.com.br\/vicente\/wp-json\/wp\/v2\/posts"}],"about":[{"href":"https:\/\/blogs2.correiobraziliense.com.br\/vicente\/wp-json\/wp\/v2\/types\/post"}],"author":[{"embeddable":true,"href":"https:\/\/blogs2.correiobraziliense.com.br\/vicente\/wp-json\/wp\/v2\/users\/22"}],"replies":[{"embeddable":true,"href":"https:\/\/blogs2.correiobraziliense.com.br\/vicente\/wp-json\/wp\/v2\/comments?post=1050"}],"version-history":[{"count":3,"href":"https:\/\/blogs2.correiobraziliense.com.br\/vicente\/wp-json\/wp\/v2\/posts\/1050\/revisions"}],"predecessor-version":[{"id":1054,"href":"https:\/\/blogs2.correiobraziliense.com.br\/vicente\/wp-json\/wp\/v2\/posts\/1050\/revisions\/1054"}],"wp:attachment":[{"href":"https:\/\/blogs2.correiobraziliense.com.br\/vicente\/wp-json\/wp\/v2\/media?parent=1050"}],"wp:term":[{"taxonomy":"category","embeddable":true,"href":"https:\/\/blogs2.correiobraziliense.com.br\/vicente\/wp-json\/wp\/v2\/categories?post=1050"},{"taxonomy":"post_tag","embeddable":true,"href":"https:\/\/blogs2.correiobraziliense.com.br\/vicente\/wp-json\/wp\/v2\/tags?post=1050"}],"curies":[{"name":"wp","href":"https:\/\/api.w.org\/{rel}","templated":true}]}}