{"id":1055,"date":"2016-05-20T15:21:06","date_gmt":"2016-05-20T18:21:06","guid":{"rendered":"https:\/\/blogs2.correiobraziliense.com.br\/vicente\/?p=1055"},"modified":"2016-05-20T15:21:06","modified_gmt":"2016-05-20T18:21:06","slug":"influencia-de-thomas-traumann-na-esplanada","status":"publish","type":"post","link":"https:\/\/blogs2.correiobraziliense.com.br\/vicente\/influencia-de-thomas-traumann-na-esplanada\/","title":{"rendered":"A influ\u00eancia de Thomas Traumann na Esplanada"},"content":{"rendered":"<p>Ex-secret\u00e1rio de Comunica\u00e7\u00e3o de Dilma Rousseff, o jornalista Thomas Traumann est\u00e1 tentando, a todo custo, emplacar protegidos pelas assessorias de imprensa da Esplanada dos Minist\u00e9rios.\u00a0Com isso, acredita que ter\u00e1 tr\u00e2nsito livre em pastas estrat\u00e9gicas.<\/p>\n<p>&nbsp;<\/p>\n<p>N\u00e3o custa lembrar que Traumann montou uma empresa de consultoria. Nesse mercado, informa\u00e7\u00e3o privilegiada vale ouro.<\/p>\n<p>&nbsp;<\/p>\n<p>Bras\u00edlia, 15h20min<\/p>\n","protected":false},"excerpt":{"rendered":"<p>Ex-secret\u00e1rio de Comunica\u00e7\u00e3o de Dilma Rousseff, o jornalista Thomas Traumann est\u00e1 tentando, a todo custo, emplacar protegidos pelas assessorias de imprensa da Esplanada dos Minist\u00e9rios.\u00a0Com isso, acredita que ter\u00e1 tr\u00e2nsito livre em pastas estrat\u00e9gicas. &nbsp; N\u00e3o custa lembrar que Traumann montou uma empresa de consultoria. Nesse mercado, informa\u00e7\u00e3o privilegiada vale ouro. &nbsp; Bras\u00edlia, 15h20min<\/p>\n","protected":false},"author":22,"featured_media":0,"comment_status":"open","ping_status":"closed","sticky":false,"template":"","format":"standard","meta":{"wpb_read_more":[],"footnotes":""},"categories":[1],"tags":[],"class_list":["post-1055","post","type-post","status-publish","format-standard","hentry","category-sem-categoria"],"_links":{"self":[{"href":"https:\/\/blogs2.correiobraziliense.com.br\/vicente\/wp-json\/wp\/v2\/posts\/1055","targetHints":{"allow":["GET"]}}],"collection":[{"href":"https:\/\/blogs2.correiobraziliense.com.br\/vicente\/wp-json\/wp\/v2\/posts"}],"about":[{"href":"https:\/\/blogs2.correiobraziliense.com.br\/vicente\/wp-json\/wp\/v2\/types\/post"}],"author":[{"embeddable":true,"href":"https:\/\/blogs2.correiobraziliense.com.br\/vicente\/wp-json\/wp\/v2\/users\/22"}],"replies":[{"embeddable":true,"href":"https:\/\/blogs2.correiobraziliense.com.br\/vicente\/wp-json\/wp\/v2\/comments?post=1055"}],"version-history":[{"count":1,"href":"https:\/\/blogs2.correiobraziliense.com.br\/vicente\/wp-json\/wp\/v2\/posts\/1055\/revisions"}],"predecessor-version":[{"id":1056,"href":"https:\/\/blogs2.correiobraziliense.com.br\/vicente\/wp-json\/wp\/v2\/posts\/1055\/revisions\/1056"}],"wp:attachment":[{"href":"https:\/\/blogs2.correiobraziliense.com.br\/vicente\/wp-json\/wp\/v2\/media?parent=1055"}],"wp:term":[{"taxonomy":"category","embeddable":true,"href":"https:\/\/blogs2.correiobraziliense.com.br\/vicente\/wp-json\/wp\/v2\/categories?post=1055"},{"taxonomy":"post_tag","embeddable":true,"href":"https:\/\/blogs2.correiobraziliense.com.br\/vicente\/wp-json\/wp\/v2\/tags?post=1055"}],"curies":[{"name":"wp","href":"https:\/\/api.w.org\/{rel}","templated":true}]}}