{"id":10556,"date":"2019-04-18T13:41:05","date_gmt":"2019-04-18T16:41:05","guid":{"rendered":"https:\/\/blogs2.correiobraziliense.com.br\/vicente\/?p=10556"},"modified":"2019-04-18T13:41:05","modified_gmt":"2019-04-18T16:41:05","slug":"governo-anuncia-repasses-para-dar-continuidade-ao-minha-casa-minha-vida","status":"publish","type":"post","link":"https:\/\/blogs2.correiobraziliense.com.br\/vicente\/governo-anuncia-repasses-para-dar-continuidade-ao-minha-casa-minha-vida\/","title":{"rendered":"Governo anuncia repasses para dar continuidade ao Minha Casa Minha Vida"},"content":{"rendered":"<h2>HAMILTON FERRARI<\/h2>\n<h2><\/h2>\n<h2>O governo federal anunciou que ir\u00e1 garantir a continuidade do Minha Casa Minha Vida. Ser\u00e3o feitos pagamentos de R$ 550 milh\u00f5es nos meses de abril e maio e de R$ 500 milh\u00f5es em junho. A decis\u00e3o foi tomada depois que o <strong>Blog<\/strong> revelou que o programa tinha <a href=\"https:\/\/blogs2.correiobraziliense.com.br\/vicente\/governo-deve-r-450-milhoes-as-construtoras-minha-casa-minha-vida-pode-parar\/\">risco de parar<\/a>.<\/h2>\n<p>&nbsp;<\/p>\n<p>Em comunicado \u00e0 imprensa, divulgado na manh\u00e3 desta quinta-feira (18\/4), o Minist\u00e9rio do Desenvolvimento Regional afirmou que os repasses v\u00e3o garantir a continuidade das obras. \u201cO tema vem sendo tratado ao longo deste ano pela Casa Civil e pelo MDR. A decis\u00e3o foi tomada nesta semana durante reuni\u00e3o da equipe econ\u00f4mica na Junta de Execu\u00e7\u00e3o Or\u00e7ament\u00e1ria (JEO). O aporte ser\u00e1 disponibilizado pelo Minist\u00e9rio da Economia\u201d, comunicou.<\/p>\n<p>&nbsp;<\/p>\n<p>O ministro da Economia, Paulo Guedes, se reuniu nesta quarta (17\/4) com o presidente do Senado, Davi Alcolumbre (DEM-AP), e outros parlamentares para tratar deste assunto, entre outros temas. A Lei Or\u00e7ament\u00e1ria Anual (LOA) deste ano prev\u00ea investimentos de R$ 4,1 bilh\u00f5es para o Minha Casa Minha Vida. \u201cNo entanto, o Decreto n\u00ba 9.741, de 29 de mar\u00e7o de 2019, publicado pelo Minist\u00e9rio da Economia, reduziu os limites, no \u00e2mbito do Programa de Acelera\u00e7\u00e3o do Crescimento (PAC), para empenho (em 27%) e para pagamentos (em 39%) do MDR\u201d, informou o Minist\u00e9rio do Desenvolvimento Regional.<\/p>\n<p>&nbsp;<\/p>\n<p>O ministro da pasta, Gustavo Canuto, conversou com Guedes e o ministro-chefe da Casa Civil, Onyx Lorenzoni, que garantiram a suplementa\u00e7\u00e3o de R$ 800 milh\u00f5es para a continuidade do programa. O texto ainda ressalta que o Minha Casa Minha Vida \u00e9 prioridade do presidente Jair Bolsonaro.<\/p>\n<p>&nbsp;<\/p>\n<p>No fim de mar\u00e7o, o <strong>Blog<\/strong> mostrou que as construtoras reclamavam que o governo suspendeu o pagamento de obras j\u00e1 realizadas, contabilizando um d\u00edvida de R$ 450 milh\u00f5es.<\/p>\n","protected":false},"excerpt":{"rendered":"<p>HAMILTON FERRARI O governo federal anunciou que ir\u00e1 garantir a continuidade do Minha Casa Minha Vida. Ser\u00e3o feitos pagamentos de R$ 550 milh\u00f5es nos meses de abril e maio e de R$ 500 milh\u00f5es em junho. A decis\u00e3o foi tomada depois que o Blog revelou que o programa tinha risco de parar. &nbsp; Em comunicado [&hellip;]<\/p>\n","protected":false},"author":22,"featured_media":0,"comment_status":"open","ping_status":"closed","sticky":false,"template":"","format":"standard","meta":{"wpb_read_more":[],"footnotes":""},"categories":[600],"tags":[],"class_list":["post-10556","post","type-post","status-publish","format-standard","hentry","category-economia"],"_links":{"self":[{"href":"https:\/\/blogs2.correiobraziliense.com.br\/vicente\/wp-json\/wp\/v2\/posts\/10556","targetHints":{"allow":["GET"]}}],"collection":[{"href":"https:\/\/blogs2.correiobraziliense.com.br\/vicente\/wp-json\/wp\/v2\/posts"}],"about":[{"href":"https:\/\/blogs2.correiobraziliense.com.br\/vicente\/wp-json\/wp\/v2\/types\/post"}],"author":[{"embeddable":true,"href":"https:\/\/blogs2.correiobraziliense.com.br\/vicente\/wp-json\/wp\/v2\/users\/22"}],"replies":[{"embeddable":true,"href":"https:\/\/blogs2.correiobraziliense.com.br\/vicente\/wp-json\/wp\/v2\/comments?post=10556"}],"version-history":[{"count":1,"href":"https:\/\/blogs2.correiobraziliense.com.br\/vicente\/wp-json\/wp\/v2\/posts\/10556\/revisions"}],"predecessor-version":[{"id":10557,"href":"https:\/\/blogs2.correiobraziliense.com.br\/vicente\/wp-json\/wp\/v2\/posts\/10556\/revisions\/10557"}],"wp:attachment":[{"href":"https:\/\/blogs2.correiobraziliense.com.br\/vicente\/wp-json\/wp\/v2\/media?parent=10556"}],"wp:term":[{"taxonomy":"category","embeddable":true,"href":"https:\/\/blogs2.correiobraziliense.com.br\/vicente\/wp-json\/wp\/v2\/categories?post=10556"},{"taxonomy":"post_tag","embeddable":true,"href":"https:\/\/blogs2.correiobraziliense.com.br\/vicente\/wp-json\/wp\/v2\/tags?post=10556"}],"curies":[{"name":"wp","href":"https:\/\/api.w.org\/{rel}","templated":true}]}}