{"id":10567,"date":"2019-04-23T22:07:46","date_gmt":"2019-04-24T01:07:46","guid":{"rendered":"https:\/\/blogs2.correiobraziliense.com.br\/vicente\/?p=10567"},"modified":"2019-04-23T22:07:46","modified_gmt":"2019-04-24T01:07:46","slug":"mercado-aumenta-as-apostas-de-que-reforma-so-sera-aprovada-pela-camara-no-segundo-semestre","status":"publish","type":"post","link":"https:\/\/blogs2.correiobraziliense.com.br\/vicente\/mercado-aumenta-as-apostas-de-que-reforma-so-sera-aprovada-pela-camara-no-segundo-semestre\/","title":{"rendered":"Mercado aumenta as apostas de que reforma s\u00f3 ser\u00e1 aprovada pela C\u00e2mara no segundo semestre"},"content":{"rendered":"<p>ROSANA HESSEL<\/p>\n<p>Enquanto a Proposta de Emenda \u00e0 Constitui\u00e7\u00e3o (PEC) da Previd\u00eancia patina para ser aprovada na Comiss\u00e3o de Constitui\u00e7\u00e3o, Justi\u00e7a e Cidadania (CCJC) da C\u00e2mara dos Deputados h\u00e1 dois meses, crescem as apostas de que reforma no sistema de aposentadorias s\u00f3 conseguir\u00e1 passar pelo Congresso na segunda metade do ano, e, desidratada para algo em torno de R$ 600 bilh\u00f5es.\u00a0A maioria das apostas computadas pela Bloomberg junto a 30 institui\u00e7\u00f5es indica de que a vota\u00e7\u00e3o na C\u00e2mara ocorrer\u00e1 entre julho e setembro.<\/p>\n<p>Apenas duas entidades acreditam que h\u00e1 chances de isso acontecer em junho. Cinco est\u00e3o prevendo que isso s\u00f3 ocorrer\u00e1 no quarto trimestre.\u00a0Os valores da economia em 10 anos variam de R$ 300 bilh\u00f5es at\u00e9 R$ 800 bilh\u00f5es, bem abaixo do limite de R$ 1 trilh\u00e3o defendido pela equipe econ\u00f4mica liderada pelo ministro Paulo Guedes.<\/p>\n<p>Para ser aprovada pela C\u00e2mara, a PEC da Previd\u00eancia precisa passar pela CCJ, que avalia a constitucionalidade da medida, e pela comiss\u00e3o especial para discutir o m\u00e9rito da proposta, mas que ainda n\u00e3o foi criada. Nessa fase, os parlamentares poder\u00e3o sugerir emendas e a comiss\u00e3o precisar\u00e1 realizar at\u00e9 40 sess\u00f5es para votar o parecer do relator. Se aprovada, o texto \u00e9 encaminhado ao plen\u00e1rio da Casa. S\u00e3o necess\u00e1rios 308 (tr\u00eas quintos dos 513 deputados) votos a favor, em dois turnos, para que o texto seja enviado ao Senado. Na segunda Casa, o governo precisar\u00e1 do apoio de, no m\u00ednimo, 49 senadores em em duas vota\u00e7\u00f5es para que a proposta seja aprovada. Se o texto for modificado, ele voltar\u00e1 para a C\u00e2mara para ser votado novamente.<\/p>\n<p>Uma estimativa recente feita pelo Eurasia Group, de Washington, considera que as chances de aprova\u00e7\u00e3o da reforma da Previd\u00eancia neste ano s\u00e3o de 70%, mas os deputados dever\u00e3o reduzir a economia para algo entre R$ 400 bilh\u00f5es e R$ 600 bilh\u00f5es, ou seja, menos da metade dos R$ 1,082 trilh\u00e3o previstos pelo governo em uma d\u00e9cada.<\/p>\n<p>&nbsp;<\/p>\n<p>&nbsp;<\/p>\n","protected":false},"excerpt":{"rendered":"<p>ROSANA HESSEL Enquanto a Proposta de Emenda \u00e0 Constitui\u00e7\u00e3o (PEC) da Previd\u00eancia patina para ser aprovada na Comiss\u00e3o de Constitui\u00e7\u00e3o, Justi\u00e7a e Cidadania (CCJC) da C\u00e2mara dos Deputados h\u00e1 dois meses, crescem as apostas de que reforma no sistema de aposentadorias s\u00f3 conseguir\u00e1 passar pelo Congresso na segunda metade do ano, e, desidratada para algo [&hellip;]<\/p>\n","protected":false},"author":22,"featured_media":0,"comment_status":"open","ping_status":"closed","sticky":false,"template":"","format":"standard","meta":{"wpb_read_more":[],"footnotes":""},"categories":[600],"tags":[753,3613,204,429,614],"class_list":["post-10567","post","type-post","status-publish","format-standard","hentry","category-economia","tag-mercado","tag-paulo-guedes","tag-pec","tag-previdencia","tag-reforma"],"_links":{"self":[{"href":"https:\/\/blogs2.correiobraziliense.com.br\/vicente\/wp-json\/wp\/v2\/posts\/10567","targetHints":{"allow":["GET"]}}],"collection":[{"href":"https:\/\/blogs2.correiobraziliense.com.br\/vicente\/wp-json\/wp\/v2\/posts"}],"about":[{"href":"https:\/\/blogs2.correiobraziliense.com.br\/vicente\/wp-json\/wp\/v2\/types\/post"}],"author":[{"embeddable":true,"href":"https:\/\/blogs2.correiobraziliense.com.br\/vicente\/wp-json\/wp\/v2\/users\/22"}],"replies":[{"embeddable":true,"href":"https:\/\/blogs2.correiobraziliense.com.br\/vicente\/wp-json\/wp\/v2\/comments?post=10567"}],"version-history":[{"count":2,"href":"https:\/\/blogs2.correiobraziliense.com.br\/vicente\/wp-json\/wp\/v2\/posts\/10567\/revisions"}],"predecessor-version":[{"id":10569,"href":"https:\/\/blogs2.correiobraziliense.com.br\/vicente\/wp-json\/wp\/v2\/posts\/10567\/revisions\/10569"}],"wp:attachment":[{"href":"https:\/\/blogs2.correiobraziliense.com.br\/vicente\/wp-json\/wp\/v2\/media?parent=10567"}],"wp:term":[{"taxonomy":"category","embeddable":true,"href":"https:\/\/blogs2.correiobraziliense.com.br\/vicente\/wp-json\/wp\/v2\/categories?post=10567"},{"taxonomy":"post_tag","embeddable":true,"href":"https:\/\/blogs2.correiobraziliense.com.br\/vicente\/wp-json\/wp\/v2\/tags?post=10567"}],"curies":[{"name":"wp","href":"https:\/\/api.w.org\/{rel}","templated":true}]}}