{"id":10570,"date":"2019-04-24T17:38:20","date_gmt":"2019-04-24T20:38:20","guid":{"rendered":"https:\/\/blogs2.correiobraziliense.com.br\/vicente\/?p=10570"},"modified":"2019-04-24T18:08:57","modified_gmt":"2019-04-24T21:08:57","slug":"correio-ganha-premio-de-jornalismo-na-espanha","status":"publish","type":"post","link":"https:\/\/blogs2.correiobraziliense.com.br\/vicente\/correio-ganha-premio-de-jornalismo-na-espanha\/","title":{"rendered":"Correio ganha pr\u00eamio de jornalismo na Espanha"},"content":{"rendered":"<h2>HAMILTON FERRARI<\/h2>\n<h2><\/h2>\n<h2>O <b>Correio Braziliense<\/b> foi o grande vencedor do VIII Pr\u00eamio de Jornalismo Econ\u00f4mico concedido pelo IE Business School, com sede na Espanha e uma das mais conceituadas escolas de neg\u00f3cios do mundo. O jornal ganhou na categoria impresso di\u00e1rio por apresentar a melhor cobertura econ\u00f4mica de toda a regi\u00e3o ibero-americana. O jornalismo econ\u00f4mico do <b>Correio<\/b> foi considerado de grande profundidade, al\u00e9m de contribuir para a educa\u00e7\u00e3o financeira da popula\u00e7\u00e3o.<\/h2>\n<h2><\/h2>\n<figure id=\"attachment_10572\" aria-describedby=\"caption-attachment-10572\" style=\"width: 1024px\" class=\"wp-caption alignnone\"><a href=\"https:\/\/blogs2.correiobraziliense.com.br\/vicente\/wp-content\/uploads\/sites\/16\/2019\/04\/IMG_1595.jpg\"><img loading=\"lazy\" decoding=\"async\" class=\"size-large wp-image-10572\" src=\"https:\/\/blogs2.correiobraziliense.com.br\/vicente\/wp-content\/uploads\/sites\/16\/2019\/04\/IMG_1595-1024x684.jpg\" alt=\"Vicente Nunes com David Tuesta, diretor da CAF\" width=\"1024\" height=\"684\" srcset=\"https:\/\/blogs2.correiobraziliense.com.br\/vicente\/wp-content\/uploads\/sites\/16\/2019\/04\/IMG_1595-1024x684.jpg 1024w, https:\/\/blogs2.correiobraziliense.com.br\/vicente\/wp-content\/uploads\/sites\/16\/2019\/04\/IMG_1595-300x200.jpg 300w, https:\/\/blogs2.correiobraziliense.com.br\/vicente\/wp-content\/uploads\/sites\/16\/2019\/04\/IMG_1595-768x513.jpg 768w, https:\/\/blogs2.correiobraziliense.com.br\/vicente\/wp-content\/uploads\/sites\/16\/2019\/04\/IMG_1595-350x234.jpg 350w, https:\/\/blogs2.correiobraziliense.com.br\/vicente\/wp-content\/uploads\/sites\/16\/2019\/04\/IMG_1595-1440x962.jpg 1440w, https:\/\/blogs2.correiobraziliense.com.br\/vicente\/wp-content\/uploads\/sites\/16\/2019\/04\/IMG_1595-550x368.jpg 550w, https:\/\/blogs2.correiobraziliense.com.br\/vicente\/wp-content\/uploads\/sites\/16\/2019\/04\/IMG_1595-230x154.jpg 230w, https:\/\/blogs2.correiobraziliense.com.br\/vicente\/wp-content\/uploads\/sites\/16\/2019\/04\/IMG_1595.jpg 1616w\" sizes=\"auto, (max-width: 1024px) 100vw, 1024px\" \/><\/a><figcaption id=\"caption-attachment-10572\" class=\"wp-caption-text\">Foto de Jesus Pascual\/ IE Business School<\/figcaption><\/figure>\n<p>&nbsp;<\/p>\n<p>Na categoria ve\u00edculo impresso n\u00e3o di\u00e1rio, a vencedora foi a revista <i>Bloomberg<\/i> <i>Business Review<\/i>, do M\u00e9xico. Como jornal impresso fora das capitais, venceu a publica\u00e7\u00e3o <i>Mercados y Regiones<\/i>, do Peru. Duas reportagens tamb\u00e9m foram premiadas: &#8220;A sa\u00edda dos Estados Unidos de acordo comercial favorece o Peru?&#8221;, de Daniel Macera, publicada no <i>El Comercio<\/i>, do Peru, e &#8220;A arte de negociar com Trump&#8221;, de Ver\u00f3nica Garcia de Le\u00f3n Robles, veiculado na revista <i>Expansi\u00f3n<\/i>, do M\u00e9xico.<\/p>\n<p>&nbsp;<\/p>\n<p>Para Joaqu\u00edn Garralda, decano no IE Business School, o pr\u00eamio \u00e9 um reconhecimento ao jornalismo econ\u00f4mico, que tem a importante miss\u00e3o de explicar \u00e0 sociedade como a economia est\u00e1 ligada a quest\u00f5es sociais, sobretudo em tempos t\u00e3o turbulentos. Na avalia\u00e7\u00e3o de Antonio Perez-Hernandez y Torra, presidente da Casa Am\u00e9rica em Madri, onde foi a cerim\u00f4nia de premia\u00e7\u00e3o, o jornalismo s\u00e9rio merece todo o reconhecimento num momento em que as fakes news insistem em desinformar a popula\u00e7\u00e3o.<\/p>\n<p>&nbsp;<\/p>\n<p><b>Refer\u00eancia<\/b><\/p>\n<p>&nbsp;<\/p>\n<p>Representando o <b>Correio<\/b>, o editor executivo Vicente Nunes ressaltou que o jornal se tornou refer\u00eancia na cobertura econ\u00f4mica. N\u00e3o por acaso, entre 2004 e 2015, o <b>Correio<\/b> foi finalista 11 vezes no Pr\u00eamio Esso de Jornalismo Econ\u00f4mico, o mais importante da categoria no Brasil, vencendo em tr\u00eas edi\u00e7\u00f5es: 2009, 2014 e 2015. Segundo o embaixador do Brasil na Espanha, Pompeu Andreucci, o <b>Correio<\/b>, com seu relevante jornalismo, eleva o nome do pa\u00eds no exterior.<\/p>\n<p>&nbsp;<\/p>\n<p><a href=\"https:\/\/blogs2.correiobraziliense.com.br\/vicente\/wp-content\/uploads\/sites\/16\/2019\/04\/IMG_0732.jpg\"><img loading=\"lazy\" decoding=\"async\" class=\"alignnone size-large wp-image-10573\" src=\"https:\/\/blogs2.correiobraziliense.com.br\/vicente\/wp-content\/uploads\/sites\/16\/2019\/04\/IMG_0732-768x1024.jpg\" alt=\"\" width=\"768\" height=\"1024\" srcset=\"https:\/\/blogs2.correiobraziliense.com.br\/vicente\/wp-content\/uploads\/sites\/16\/2019\/04\/IMG_0732.jpg 768w, https:\/\/blogs2.correiobraziliense.com.br\/vicente\/wp-content\/uploads\/sites\/16\/2019\/04\/IMG_0732-225x300.jpg 225w, https:\/\/blogs2.correiobraziliense.com.br\/vicente\/wp-content\/uploads\/sites\/16\/2019\/04\/IMG_0732-263x350.jpg 263w, https:\/\/blogs2.correiobraziliense.com.br\/vicente\/wp-content\/uploads\/sites\/16\/2019\/04\/IMG_0732-550x733.jpg 550w, https:\/\/blogs2.correiobraziliense.com.br\/vicente\/wp-content\/uploads\/sites\/16\/2019\/04\/IMG_0732-230x307.jpg 230w\" sizes=\"auto, (max-width: 768px) 100vw, 768px\" \/><\/a><\/p>\n<p>&nbsp;<\/p>\n<p>No entender de Davi Tuesta, diretor de Assuntos Estrat\u00e9gicos da CAF, o banco de desenvolvimento da Am\u00e9rica Latina, os jornalistas t\u00eam a importante miss\u00e3o de levar a verdade \u00e0 popula\u00e7\u00e3o, com responsabilidade e seriedade. Guilhermo Gonz\u00e1les Vallina, diretor de Vendas da empresa a\u00e9rea Ib\u00e9ria, disse que o desejo de todos \u00e9 que o jornalismo continue a mudar o mundo, reverberando o que pensa a sociedade. Segundo Jos\u00e9 Luis G\u00f3mes, diretor-gerente dos jornais <i>El Pa\u00eds<\/i> e <i>Cinco Dias<\/i>, ao se comprender a economia, pode-se entender todos os movimentos sociais.<\/p>\n<p>&nbsp;<\/p>\n<p>Na avalia\u00e7\u00e3o dos organizadores do pr\u00eamio, a escolha do <b>Correio<\/b> como melhor jornal impresso di\u00e1rio ibero-americano decorreu, pricincipalmente, da capacidade de seus profissionais de tratarem os temas econ\u00f4micos com a relev\u00e2ncia que merecem, mas, ao mesmo tempo, informar seus leitores com uma linguagem simples. \u00c9 esse o caminho para educar a sociedade, especialmente no que se refere a quest\u00f5es financeiras. Mais de 100 ve\u00edculos de imprensa se inscreveram na oitava edi\u00e7\u00e3o do pr\u00eamio concedido pelo IE Business School e mais de 250 mat\u00e9rias foram avaliadas.<\/p>\n<p>&nbsp;<\/p>\n<p><i>Bras\u00edlia, 17h38min<\/i><\/p>\n","protected":false},"excerpt":{"rendered":"<p>HAMILTON FERRARI O Correio Braziliense foi o grande vencedor do VIII Pr\u00eamio de Jornalismo Econ\u00f4mico concedido pelo IE Business School, com sede na Espanha e uma das mais conceituadas escolas de neg\u00f3cios do mundo. O jornal ganhou na categoria impresso di\u00e1rio por apresentar a melhor cobertura econ\u00f4mica de toda a regi\u00e3o ibero-americana. O jornalismo econ\u00f4mico [&hellip;]<\/p>\n","protected":false},"author":22,"featured_media":0,"comment_status":"open","ping_status":"closed","sticky":false,"template":"","format":"standard","meta":{"wpb_read_more":[],"footnotes":""},"categories":[600],"tags":[184,3813,3777,3814,2687],"class_list":["post-10570","post","type-post","status-publish","format-standard","hentry","category-economia","tag-correio-braziliense","tag-ibero-americano","tag-ie-business-school","tag-jornalismo-economico","tag-premio"],"_links":{"self":[{"href":"https:\/\/blogs2.correiobraziliense.com.br\/vicente\/wp-json\/wp\/v2\/posts\/10570","targetHints":{"allow":["GET"]}}],"collection":[{"href":"https:\/\/blogs2.correiobraziliense.com.br\/vicente\/wp-json\/wp\/v2\/posts"}],"about":[{"href":"https:\/\/blogs2.correiobraziliense.com.br\/vicente\/wp-json\/wp\/v2\/types\/post"}],"author":[{"embeddable":true,"href":"https:\/\/blogs2.correiobraziliense.com.br\/vicente\/wp-json\/wp\/v2\/users\/22"}],"replies":[{"embeddable":true,"href":"https:\/\/blogs2.correiobraziliense.com.br\/vicente\/wp-json\/wp\/v2\/comments?post=10570"}],"version-history":[{"count":2,"href":"https:\/\/blogs2.correiobraziliense.com.br\/vicente\/wp-json\/wp\/v2\/posts\/10570\/revisions"}],"predecessor-version":[{"id":10574,"href":"https:\/\/blogs2.correiobraziliense.com.br\/vicente\/wp-json\/wp\/v2\/posts\/10570\/revisions\/10574"}],"wp:attachment":[{"href":"https:\/\/blogs2.correiobraziliense.com.br\/vicente\/wp-json\/wp\/v2\/media?parent=10570"}],"wp:term":[{"taxonomy":"category","embeddable":true,"href":"https:\/\/blogs2.correiobraziliense.com.br\/vicente\/wp-json\/wp\/v2\/categories?post=10570"},{"taxonomy":"post_tag","embeddable":true,"href":"https:\/\/blogs2.correiobraziliense.com.br\/vicente\/wp-json\/wp\/v2\/tags?post=10570"}],"curies":[{"name":"wp","href":"https:\/\/api.w.org\/{rel}","templated":true}]}}