{"id":10578,"date":"2019-04-30T13:02:01","date_gmt":"2019-04-30T16:02:01","guid":{"rendered":"https:\/\/blogs2.correiobraziliense.com.br\/vicente\/?p=10578"},"modified":"2019-04-30T13:02:01","modified_gmt":"2019-04-30T16:02:01","slug":"bolsonaro-prioriza-agenda-de-costumes-e-economia-afunda","status":"publish","type":"post","link":"https:\/\/blogs2.correiobraziliense.com.br\/vicente\/bolsonaro-prioriza-agenda-de-costumes-e-economia-afunda\/","title":{"rendered":"Bolsonaro prioriza agenda de costumes e economia afunda"},"content":{"rendered":"<p>ROSANA HESSEL<\/p>\n<p>Enquanto o novo governo procura se preocupar mais com a quest\u00e3o de costumes da popula\u00e7\u00e3o, a economia patina feio. O desemprego voltou a subir com for\u00e7a diante da desconfian\u00e7a de empres\u00e1rios e de consumidores em rela\u00e7\u00e3o \u00e0 capacidade do governo de reativar a atividade econ\u00f4mica do pa\u00eds. A taxa de desocupa\u00e7\u00e3o no primeiro trimestre de 2019 saltou para 12,7%, conforme dados divulgados nesta ter\u00e7a-feira (30\/04) pelo Instituto Brasileiro de Geografia e Estat\u00edstica (IBGE). No \u00faltimo trimestre de 2018, essa taxa era de 11,6%.<\/p>\n<p>A piora nos dados de emprego reflete a paralisia na ind\u00fastria e no com\u00e9rcio e as incertezas em rela\u00e7\u00e3o ao avan\u00e7o das reformas, principalmente, a da Previd\u00eancia.\u00a0N\u00e3o por acaso, os especialistas j\u00e1 falam em queda do Produto Interno Bruto (PIB) no primeiro trimestre e crescimento inferior a 1% no acumulado de 2019. Esse desastre, refor\u00e7am, \u00e9 reflexo da op\u00e7\u00e3o do presidente Jair Bolsonaro em priorizar a agenda de costumes em vez de a\u00e7\u00f5es concretas para estimular a produ\u00e7\u00e3o, os investimentos, o emprego e o aumento da renda.<\/p>\n<p>Foram registrados 13,4 milh\u00f5es de desempregados de janeiro a mar\u00e7o, dado que cresceu 10,2% (mais 1,2 milh\u00e3o de pessoas) frente ao trimestre de outubro a dezembro de 2018 (de 12,2 milh\u00f5es). O n\u00famero de pessoas subutilizadas tamb\u00e9m cresceu no mesmo per\u00edodo, somando 28,3% milh\u00f5es, alta de 5,6% na mesma base de compara\u00e7\u00e3o, de acordo com o IBGE. A taxa de subutiliza\u00e7\u00e3o da for\u00e7a de trabalho, de 25% no primeiro trimestre do ano, \u00e9 recorde da s\u00e9rie hist\u00f3rica iniciada em 2012, com alta de 1,2%.<\/p>\n<p>&#8220;Os dados do emprego divulgados na manh\u00e3 de hoje pelo IBGE confirmam o cen\u00e1rio mais pessimista em rela\u00e7\u00e3o ao PIB do primeiro trimestre&#8221;, afirmou Andr\u00e9 Perfeito, economista-chefe da Necton. Ele prev\u00ea estagna\u00e7\u00e3o no PIB dos primeiros tr\u00eas meses do ano e de apenas 0,9% no acumulado no ano.<\/p>\n<p>O economista Alberto Ramos, do Goldman Sachs, destacou que o desemprego continua elevado porque o cen\u00e1rio de crescimento e de investimento no pa\u00eds \u00e9 med\u00edocre. Ele avaliou que a composi\u00e7\u00e3o dos novos empregos &#8220;continua sendo de baixa qualidade&#8221;, pois o emprego formal est\u00e1 crescendo muito pouco, 0,2% e o informal aumentou 4,4%.\u00a0 Pelas contas de Ramos, 1,59 milh\u00e3o de novos postos de trabalho criados a partir do ano passado foram impulsionados, em grande parte, por aqueles que trabalham no setor informal (466 mil) e aut\u00f4nomos (879 mil).<\/p>\n","protected":false},"excerpt":{"rendered":"<p>ROSANA HESSEL Enquanto o novo governo procura se preocupar mais com a quest\u00e3o de costumes da popula\u00e7\u00e3o, a economia patina feio. O desemprego voltou a subir com for\u00e7a diante da desconfian\u00e7a de empres\u00e1rios e de consumidores em rela\u00e7\u00e3o \u00e0 capacidade do governo de reativar a atividade econ\u00f4mica do pa\u00eds. A taxa de desocupa\u00e7\u00e3o no primeiro [&hellip;]<\/p>\n","protected":false},"author":22,"featured_media":0,"comment_status":"open","ping_status":"closed","sticky":false,"template":"","format":"standard","meta":{"wpb_read_more":[],"footnotes":""},"categories":[600],"tags":[2554,71,589,391,58],"class_list":["post-10578","post","type-post","status-publish","format-standard","hentry","category-economia","tag-bolsonaro","tag-desemprego","tag-economia","tag-ibge","tag-pib"],"_links":{"self":[{"href":"https:\/\/blogs2.correiobraziliense.com.br\/vicente\/wp-json\/wp\/v2\/posts\/10578","targetHints":{"allow":["GET"]}}],"collection":[{"href":"https:\/\/blogs2.correiobraziliense.com.br\/vicente\/wp-json\/wp\/v2\/posts"}],"about":[{"href":"https:\/\/blogs2.correiobraziliense.com.br\/vicente\/wp-json\/wp\/v2\/types\/post"}],"author":[{"embeddable":true,"href":"https:\/\/blogs2.correiobraziliense.com.br\/vicente\/wp-json\/wp\/v2\/users\/22"}],"replies":[{"embeddable":true,"href":"https:\/\/blogs2.correiobraziliense.com.br\/vicente\/wp-json\/wp\/v2\/comments?post=10578"}],"version-history":[{"count":1,"href":"https:\/\/blogs2.correiobraziliense.com.br\/vicente\/wp-json\/wp\/v2\/posts\/10578\/revisions"}],"predecessor-version":[{"id":10579,"href":"https:\/\/blogs2.correiobraziliense.com.br\/vicente\/wp-json\/wp\/v2\/posts\/10578\/revisions\/10579"}],"wp:attachment":[{"href":"https:\/\/blogs2.correiobraziliense.com.br\/vicente\/wp-json\/wp\/v2\/media?parent=10578"}],"wp:term":[{"taxonomy":"category","embeddable":true,"href":"https:\/\/blogs2.correiobraziliense.com.br\/vicente\/wp-json\/wp\/v2\/categories?post=10578"},{"taxonomy":"post_tag","embeddable":true,"href":"https:\/\/blogs2.correiobraziliense.com.br\/vicente\/wp-json\/wp\/v2\/tags?post=10578"}],"curies":[{"name":"wp","href":"https:\/\/api.w.org\/{rel}","templated":true}]}}