{"id":10585,"date":"2019-05-02T15:04:28","date_gmt":"2019-05-02T18:04:28","guid":{"rendered":"https:\/\/blogs2.correiobraziliense.com.br\/vicente\/?p=10585"},"modified":"2019-05-02T15:04:28","modified_gmt":"2019-05-02T18:04:28","slug":"vendas-do-comercio-devem-aumentar-38-no-dia-das-maes-de-2019-diz-cnc","status":"publish","type":"post","link":"https:\/\/blogs2.correiobraziliense.com.br\/vicente\/vendas-do-comercio-devem-aumentar-38-no-dia-das-maes-de-2019-diz-cnc\/","title":{"rendered":"Vendas do com\u00e9rcio devem aumentar 3,8% no Dia das M\u00e3es de 2019, diz CNC"},"content":{"rendered":"<h2>HAMILTON FERRARI<\/h2>\n<h2><\/h2>\n<h2>As vendas do pr\u00f3ximo Dia das M\u00e3es deste ano devem ser melhores, segundo estudo da Confedera\u00e7\u00e3o Nacional do Com\u00e9rcio de Bens, Servi\u00e7os e Turismo (CNC). A estimativa \u00e9 de que o volume aumente 3,8% em compara\u00e7\u00e3o com a mesma data comemorativa de 2018 \u2014 descontada a infla\u00e7\u00e3o. Sendo assim, ser\u00e1 o terceiro ano consecutivo de alta real nas vendas.<\/h2>\n<h2><\/h2>\n<p>A economia tem se recuperado, mas de forma muito lenta. Os analistas t\u00eam errado ano ap\u00f3s ano a estimativa do Produto Interno Bruto (PIB). Isso porque, tanto no fim de 2017 quanto no final de 2018, houve uma expectativa muito positiva em rela\u00e7\u00e3o \u00e0 atividade econ\u00f4mica do ano seguinte, o que acabou n\u00e3o se concretizando nos primeiros meses posteriores.<\/p>\n<p>&nbsp;<\/p>\n<p>Em janeiro do ano passado, se imaginou que a economia ia crescer 3% em 2018, mas terminou com expans\u00e3o de apenas 1,1%. J\u00e1 em 2019, os analistas projetaram PIB de at\u00e9 2,6%, mas as novas estimativas j\u00e1 est\u00e3o bem mais baixas, em 1,70%.<\/p>\n<p>&nbsp;<\/p>\n<p>Segundo a CNC, as datas comemorativas s\u00e3o consideradas um term\u00f4metro da situa\u00e7\u00e3o atual. O Dia das M\u00e3es \u00e9 como o \u201cNatal do primeiro semestre\u201d. A estimativa da entidade \u00e9 de que haver\u00e1 a movimenta\u00e7\u00e3o financeira de R$ 9,7 bilh\u00f5es neste per\u00edodo. Este volume de vendas \u00e9 equivalente ao verificado em 2014 (R$ 9,6 bilh\u00f5es).<\/p>\n<p>&nbsp;<\/p>\n<p>O estudo mostra que, apesar da economia fraca, a principal raz\u00e3o para o terceiro aumento consecutivo do faturamento real do varejo est\u00e1 no comportamento dos pre\u00e7os. \u201cApesar da alta de cerca de 7% no d\u00f3lar entre maio e o mesmo m\u00eas do ano passado, a fragilidade do processo de recupera\u00e7\u00e3o econ\u00f4mica tem, desde o fim da recess\u00e3o, inibido repasses de pre\u00e7os ao consumidor acima da taxa de infla\u00e7\u00e3o em diversos segmentos\u201d, explica o levantamento.<\/p>\n<p>&nbsp;<\/p>\n<p><strong>Produtos<\/strong><\/p>\n<p>&nbsp;<\/p>\n<p>O crescimento das vendas deve ocorrer principalmente nos segmentos de perfumarias e cosm\u00e9ticos (11,1%) e vestu\u00e1rio (10,1%). Por outro lado, no ramo de livrarias e papelarias a CNC estima que haver\u00e1 perda de 21%.<\/p>\n<p>&nbsp;<\/p>\n<p>Al\u00e9m disso, 19 itens que comp\u00f5em a cesta de bens e servi\u00e7os avaliados pela entidade est\u00e3o mais baratos, com destaque para a maquiagem (-6,3%), os t\u00eanis (-2,7%) e as bolsas (-2,2%).<\/p>\n<p>&nbsp;<\/p>\n<p><em>Bras\u00edlia, 15h02min<\/em><\/p>\n","protected":false},"excerpt":{"rendered":"<p>HAMILTON FERRARI As vendas do pr\u00f3ximo Dia das M\u00e3es deste ano devem ser melhores, segundo estudo da Confedera\u00e7\u00e3o Nacional do Com\u00e9rcio de Bens, Servi\u00e7os e Turismo (CNC). A estimativa \u00e9 de que o volume aumente 3,8% em compara\u00e7\u00e3o com a mesma data comemorativa de 2018 \u2014 descontada a infla\u00e7\u00e3o. Sendo assim, ser\u00e1 o terceiro ano [&hellip;]<\/p>\n","protected":false},"author":22,"featured_media":0,"comment_status":"open","ping_status":"closed","sticky":false,"template":"","format":"standard","meta":{"wpb_read_more":[],"footnotes":""},"categories":[600],"tags":[],"class_list":["post-10585","post","type-post","status-publish","format-standard","hentry","category-economia"],"_links":{"self":[{"href":"https:\/\/blogs2.correiobraziliense.com.br\/vicente\/wp-json\/wp\/v2\/posts\/10585","targetHints":{"allow":["GET"]}}],"collection":[{"href":"https:\/\/blogs2.correiobraziliense.com.br\/vicente\/wp-json\/wp\/v2\/posts"}],"about":[{"href":"https:\/\/blogs2.correiobraziliense.com.br\/vicente\/wp-json\/wp\/v2\/types\/post"}],"author":[{"embeddable":true,"href":"https:\/\/blogs2.correiobraziliense.com.br\/vicente\/wp-json\/wp\/v2\/users\/22"}],"replies":[{"embeddable":true,"href":"https:\/\/blogs2.correiobraziliense.com.br\/vicente\/wp-json\/wp\/v2\/comments?post=10585"}],"version-history":[{"count":1,"href":"https:\/\/blogs2.correiobraziliense.com.br\/vicente\/wp-json\/wp\/v2\/posts\/10585\/revisions"}],"predecessor-version":[{"id":10586,"href":"https:\/\/blogs2.correiobraziliense.com.br\/vicente\/wp-json\/wp\/v2\/posts\/10585\/revisions\/10586"}],"wp:attachment":[{"href":"https:\/\/blogs2.correiobraziliense.com.br\/vicente\/wp-json\/wp\/v2\/media?parent=10585"}],"wp:term":[{"taxonomy":"category","embeddable":true,"href":"https:\/\/blogs2.correiobraziliense.com.br\/vicente\/wp-json\/wp\/v2\/categories?post=10585"},{"taxonomy":"post_tag","embeddable":true,"href":"https:\/\/blogs2.correiobraziliense.com.br\/vicente\/wp-json\/wp\/v2\/tags?post=10585"}],"curies":[{"name":"wp","href":"https:\/\/api.w.org\/{rel}","templated":true}]}}