{"id":10589,"date":"2019-05-02T10:12:12","date_gmt":"2019-05-02T13:12:12","guid":{"rendered":"https:\/\/blogs2.correiobraziliense.com.br\/vicente\/?p=10589"},"modified":"2019-05-02T17:25:09","modified_gmt":"2019-05-02T20:25:09","slug":"campanha-todospeloriodejaneiro-sera-lancada-na-proxima-segunda","status":"publish","type":"post","link":"https:\/\/blogs2.correiobraziliense.com.br\/vicente\/campanha-todospeloriodejaneiro-sera-lancada-na-proxima-segunda\/","title":{"rendered":"Campanha #TodospeloRiodeJaneiro ser\u00e1 lan\u00e7ada na pr\u00f3xima segunda"},"content":{"rendered":"<h2>HAMILTON FERRARI<\/p>\n<p>A Secretaria de Desenvolvimento Social e Direitos Humanos (SEDSDH) do Rio de Janeiro vai lan\u00e7ar a campanha <em>#TodospeloRiodeJaneiro<\/em>, que busca fortalecer as pol\u00edticas p\u00fablicas para a popula\u00e7\u00e3o mais vulner\u00e1vel. Isso ser\u00e1 feito em parceria com a iniciativa privada, que ajudar\u00e1 a \u201cacelerar a recupera\u00e7\u00e3o da malha social\u201d do estado.<\/h2>\n<p>&nbsp;<\/p>\n<p>O lan\u00e7amento ser\u00e1 feito na pr\u00f3xima segunda-feira (6\/5) no Museu do Amanh\u00e3, localizado no centro do Rio, com presen\u00e7a do governador Wilson Witzel (PSC). As empresas poder\u00e3o fazer investimentos, doa\u00e7\u00f5es e a\u00e7\u00f5es volunt\u00e1rias.<\/p>\n<p>&nbsp;<\/p>\n<p>Segundo a secret\u00e1ria estadual de Desenvolvimento Social e Direitos Humanos do Rio, Fabiana Bentes, a parceria com a iniciativa privada \u00e9 fundamental para a recupera\u00e7\u00e3o do estado. \u201cO engajamento das empresas vai contribuir com a amplia\u00e7\u00e3o de investimentos em pol\u00edticas p\u00fablicas e na infraestrutura de atendimento \u00e0 popula\u00e7\u00e3o vulner\u00e1vel, impactando rapidamente na vida de milhares de pessoas. O n\u00famero expressivo de doa\u00e7\u00f5es enviado por grandes empresas para as v\u00edtimas das \u00faltimas chuvas que atingiram o estado demonstrou a vontade da iniciativa privada de participar, com transpar\u00eancia e gest\u00e3o profissional, da recupera\u00e7\u00e3o do Estado e do resgate da cidadania dos fluminenses\u201d, defendeu.<\/p>\n<p>&nbsp;<\/p>\n<p><em>Bras\u00edlia, 10h12min<\/em><\/p>\n","protected":false},"excerpt":{"rendered":"<p>HAMILTON FERRARI A Secretaria de Desenvolvimento Social e Direitos Humanos (SEDSDH) do Rio de Janeiro vai lan\u00e7ar a campanha #TodospeloRiodeJaneiro, que busca fortalecer as pol\u00edticas p\u00fablicas para a popula\u00e7\u00e3o mais vulner\u00e1vel. Isso ser\u00e1 feito em parceria com a iniciativa privada, que ajudar\u00e1 a \u201cacelerar a recupera\u00e7\u00e3o da malha social\u201d do estado. &nbsp; O lan\u00e7amento ser\u00e1 [&hellip;]<\/p>\n","protected":false},"author":22,"featured_media":0,"comment_status":"open","ping_status":"closed","sticky":false,"template":"","format":"standard","meta":{"wpb_read_more":[],"footnotes":""},"categories":[600],"tags":[],"class_list":["post-10589","post","type-post","status-publish","format-standard","hentry","category-economia"],"_links":{"self":[{"href":"https:\/\/blogs2.correiobraziliense.com.br\/vicente\/wp-json\/wp\/v2\/posts\/10589","targetHints":{"allow":["GET"]}}],"collection":[{"href":"https:\/\/blogs2.correiobraziliense.com.br\/vicente\/wp-json\/wp\/v2\/posts"}],"about":[{"href":"https:\/\/blogs2.correiobraziliense.com.br\/vicente\/wp-json\/wp\/v2\/types\/post"}],"author":[{"embeddable":true,"href":"https:\/\/blogs2.correiobraziliense.com.br\/vicente\/wp-json\/wp\/v2\/users\/22"}],"replies":[{"embeddable":true,"href":"https:\/\/blogs2.correiobraziliense.com.br\/vicente\/wp-json\/wp\/v2\/comments?post=10589"}],"version-history":[{"count":2,"href":"https:\/\/blogs2.correiobraziliense.com.br\/vicente\/wp-json\/wp\/v2\/posts\/10589\/revisions"}],"predecessor-version":[{"id":10591,"href":"https:\/\/blogs2.correiobraziliense.com.br\/vicente\/wp-json\/wp\/v2\/posts\/10589\/revisions\/10591"}],"wp:attachment":[{"href":"https:\/\/blogs2.correiobraziliense.com.br\/vicente\/wp-json\/wp\/v2\/media?parent=10589"}],"wp:term":[{"taxonomy":"category","embeddable":true,"href":"https:\/\/blogs2.correiobraziliense.com.br\/vicente\/wp-json\/wp\/v2\/categories?post=10589"},{"taxonomy":"post_tag","embeddable":true,"href":"https:\/\/blogs2.correiobraziliense.com.br\/vicente\/wp-json\/wp\/v2\/tags?post=10589"}],"curies":[{"name":"wp","href":"https:\/\/api.w.org\/{rel}","templated":true}]}}