{"id":10593,"date":"2019-05-03T20:39:54","date_gmt":"2019-05-03T23:39:54","guid":{"rendered":"https:\/\/blogs2.correiobraziliense.com.br\/vicente\/?p=10593"},"modified":"2019-05-03T21:21:12","modified_gmt":"2019-05-04T00:21:12","slug":"petrobras-anuncia-reajuste-de-343-no-preco-do-gas-de-cozinha","status":"publish","type":"post","link":"https:\/\/blogs2.correiobraziliense.com.br\/vicente\/petrobras-anuncia-reajuste-de-343-no-preco-do-gas-de-cozinha\/","title":{"rendered":"Petrobras anuncia reajuste de 3,43% no pre\u00e7o do g\u00e1s de cozinha"},"content":{"rendered":"<h2>HAMILTON FERRARI<\/h2>\n<h2><\/h2>\n<h2>A Petrobras anunciou um reajuste de 3,43% no pre\u00e7o do g\u00e1s de cozinha, o G\u00e1s Liquefeito de Petr\u00f3leo (GLP Residencial). O aumento nas refinarias \u00e9 para o botij\u00e3o de 13 quilogramas, que passar\u00e1 a valer a partir de domingo (5\/5). Agora, o valor ser\u00e1 de R$ 26,20.<\/h2>\n<h2><\/h2>\n<p>A \u00faltima corre\u00e7\u00e3o havia ocorrido h\u00e1 tr\u00eas meses, no dia 5 de fevereiro. De l\u00e1 para c\u00e1, o pre\u00e7o estava em R$ 25,33. Antes de chegar ao consumidor, o produto \u00e9 comprado pelas distribuidoras.<\/p>\n<p>&nbsp;<\/p>\n<p>O Sindicato Nacional das Empresas Distribuidoras de G\u00e1s Liquefeito de Petr\u00f3leo (Sindig\u00e1s) informou, em nota, que as empresas distribuidoras associadas \u00e0 entidade foram comunicadas do reajuste na tarde desta sexta-feira (3\/5).<\/p>\n","protected":false},"excerpt":{"rendered":"<p>HAMILTON FERRARI A Petrobras anunciou um reajuste de 3,43% no pre\u00e7o do g\u00e1s de cozinha, o G\u00e1s Liquefeito de Petr\u00f3leo (GLP Residencial). O aumento nas refinarias \u00e9 para o botij\u00e3o de 13 quilogramas, que passar\u00e1 a valer a partir de domingo (5\/5). Agora, o valor ser\u00e1 de R$ 26,20. A \u00faltima corre\u00e7\u00e3o havia ocorrido h\u00e1 [&hellip;]<\/p>\n","protected":false},"author":22,"featured_media":10599,"comment_status":"open","ping_status":"closed","sticky":false,"template":"","format":"standard","meta":{"wpb_read_more":[],"footnotes":""},"categories":[600],"tags":[3817,3816,1612,228,264],"class_list":["post-10593","post","type-post","status-publish","format-standard","has-post-thumbnail","hentry","category-economia","tag-botijao","tag-gas","tag-glp","tag-petrobras","tag-reajuste"],"_links":{"self":[{"href":"https:\/\/blogs2.correiobraziliense.com.br\/vicente\/wp-json\/wp\/v2\/posts\/10593","targetHints":{"allow":["GET"]}}],"collection":[{"href":"https:\/\/blogs2.correiobraziliense.com.br\/vicente\/wp-json\/wp\/v2\/posts"}],"about":[{"href":"https:\/\/blogs2.correiobraziliense.com.br\/vicente\/wp-json\/wp\/v2\/types\/post"}],"author":[{"embeddable":true,"href":"https:\/\/blogs2.correiobraziliense.com.br\/vicente\/wp-json\/wp\/v2\/users\/22"}],"replies":[{"embeddable":true,"href":"https:\/\/blogs2.correiobraziliense.com.br\/vicente\/wp-json\/wp\/v2\/comments?post=10593"}],"version-history":[{"count":1,"href":"https:\/\/blogs2.correiobraziliense.com.br\/vicente\/wp-json\/wp\/v2\/posts\/10593\/revisions"}],"predecessor-version":[{"id":10594,"href":"https:\/\/blogs2.correiobraziliense.com.br\/vicente\/wp-json\/wp\/v2\/posts\/10593\/revisions\/10594"}],"wp:featuredmedia":[{"embeddable":true,"href":"https:\/\/blogs2.correiobraziliense.com.br\/vicente\/wp-json\/wp\/v2\/media\/10599"}],"wp:attachment":[{"href":"https:\/\/blogs2.correiobraziliense.com.br\/vicente\/wp-json\/wp\/v2\/media?parent=10593"}],"wp:term":[{"taxonomy":"category","embeddable":true,"href":"https:\/\/blogs2.correiobraziliense.com.br\/vicente\/wp-json\/wp\/v2\/categories?post=10593"},{"taxonomy":"post_tag","embeddable":true,"href":"https:\/\/blogs2.correiobraziliense.com.br\/vicente\/wp-json\/wp\/v2\/tags?post=10593"}],"curies":[{"name":"wp","href":"https:\/\/api.w.org\/{rel}","templated":true}]}}