{"id":10597,"date":"2019-05-03T21:05:03","date_gmt":"2019-05-04T00:05:03","guid":{"rendered":"https:\/\/blogs2.correiobraziliense.com.br\/vicente\/?p=10597"},"modified":"2019-05-03T21:05:03","modified_gmt":"2019-05-04T00:05:03","slug":"petrobras-anuncia-reajuste-do-diesel-caminhoneiros-ameacam-parar","status":"publish","type":"post","link":"https:\/\/blogs2.correiobraziliense.com.br\/vicente\/petrobras-anuncia-reajuste-do-diesel-caminhoneiros-ameacam-parar\/","title":{"rendered":"Petrobras anuncia reajuste do diesel; caminhoneiros amea\u00e7am parar"},"content":{"rendered":"<h2>RODOLFO COSTA<br \/>\nHAMILTON FERRARI<\/h2>\n<h2><\/h2>\n<h2>A Petrobras colocou querosene numa refinaria em chamas. Esse \u00e9 o aviso de l\u00edderes de movimentos grevistas dos caminhoneiros. A estatal anunciou, na noite desta sexta-feira (3\/5), o aumento no pre\u00e7o do diesel em 2,56% nas refinarias. A partir deste s\u00e1bado, o valor do combust\u00edvel para de R$ 2,2470 para R$ 2,3047 \u2014 ou seja, eleva\u00e7\u00e3o de R$ 0,0577. O pre\u00e7o da gasolina permanece o mesmo.<\/h2>\n<h2><\/h2>\n<p>A ala mais radical dos caminhoneiros j\u00e1 cogitavam realizar uma paralisa\u00e7\u00e3o, como a que ocorreu em maio de 2018. O reajuste anunciado pela Petrobras s\u00f3 refor\u00e7a o risco de um movimento grevista.<\/p>\n<p>&nbsp;<\/p>\n<p>Na \u00faltima segunda (29\/4), Petrobras divulgou que haveria mudan\u00e7as na forma de divulga\u00e7\u00e3o dos pre\u00e7os combust\u00edveis, j\u00e1 que a categoria j\u00e1 havia anunciado uma data para uma paralisa\u00e7\u00e3o, mas acabou recuando ap\u00f3s negocia\u00e7\u00f5es com o governo.<\/p>\n<p>&nbsp;<\/p>\n<p>A estatal passou a publicar os valores em cada uma dos 37 pontos de venda. Al\u00e9m disso, a Petrobras mudou, no \u00faltimo dia 26 de mar\u00e7o, o per\u00edodo de reajuste do pre\u00e7o do diesel, que seria feito de 15 em 15 dias.<\/p>\n","protected":false},"excerpt":{"rendered":"<p>RODOLFO COSTA HAMILTON FERRARI A Petrobras colocou querosene numa refinaria em chamas. Esse \u00e9 o aviso de l\u00edderes de movimentos grevistas dos caminhoneiros. A estatal anunciou, na noite desta sexta-feira (3\/5), o aumento no pre\u00e7o do diesel em 2,56% nas refinarias. A partir deste s\u00e1bado, o valor do combust\u00edvel para de R$ 2,2470 para R$ [&hellip;]<\/p>\n","protected":false},"author":22,"featured_media":0,"comment_status":"open","ping_status":"closed","sticky":false,"template":"","format":"standard","meta":{"wpb_read_more":[],"footnotes":""},"categories":[600],"tags":[3367,228,264,3821],"class_list":["post-10597","post","type-post","status-publish","format-standard","hentry","category-economia","tag-diesel","tag-petrobras","tag-reajuste","tag-refinaria"],"_links":{"self":[{"href":"https:\/\/blogs2.correiobraziliense.com.br\/vicente\/wp-json\/wp\/v2\/posts\/10597","targetHints":{"allow":["GET"]}}],"collection":[{"href":"https:\/\/blogs2.correiobraziliense.com.br\/vicente\/wp-json\/wp\/v2\/posts"}],"about":[{"href":"https:\/\/blogs2.correiobraziliense.com.br\/vicente\/wp-json\/wp\/v2\/types\/post"}],"author":[{"embeddable":true,"href":"https:\/\/blogs2.correiobraziliense.com.br\/vicente\/wp-json\/wp\/v2\/users\/22"}],"replies":[{"embeddable":true,"href":"https:\/\/blogs2.correiobraziliense.com.br\/vicente\/wp-json\/wp\/v2\/comments?post=10597"}],"version-history":[{"count":1,"href":"https:\/\/blogs2.correiobraziliense.com.br\/vicente\/wp-json\/wp\/v2\/posts\/10597\/revisions"}],"predecessor-version":[{"id":10598,"href":"https:\/\/blogs2.correiobraziliense.com.br\/vicente\/wp-json\/wp\/v2\/posts\/10597\/revisions\/10598"}],"wp:attachment":[{"href":"https:\/\/blogs2.correiobraziliense.com.br\/vicente\/wp-json\/wp\/v2\/media?parent=10597"}],"wp:term":[{"taxonomy":"category","embeddable":true,"href":"https:\/\/blogs2.correiobraziliense.com.br\/vicente\/wp-json\/wp\/v2\/categories?post=10597"},{"taxonomy":"post_tag","embeddable":true,"href":"https:\/\/blogs2.correiobraziliense.com.br\/vicente\/wp-json\/wp\/v2\/tags?post=10597"}],"curies":[{"name":"wp","href":"https:\/\/api.w.org\/{rel}","templated":true}]}}