{"id":10606,"date":"2019-05-07T18:01:30","date_gmt":"2019-05-07T21:01:30","guid":{"rendered":"https:\/\/blogs2.correiobraziliense.com.br\/vicente\/?p=10606"},"modified":"2019-05-07T18:48:12","modified_gmt":"2019-05-07T21:48:12","slug":"rede-e-tribanco-fecham-acordo-para-lojistas-receberem-seus-creditos-em-dois-dias","status":"publish","type":"post","link":"https:\/\/blogs2.correiobraziliense.com.br\/vicente\/rede-e-tribanco-fecham-acordo-para-lojistas-receberem-seus-creditos-em-dois-dias\/","title":{"rendered":"Rede e Tribanco fecham acordo para lojistas receberem seus cr\u00e9ditos em dois dias"},"content":{"rendered":"<h2>HAMILTON FERRARI<\/h2>\n<h2><\/h2>\n<h2>A guerra das maquininhas de cart\u00f5es ganhou mais um cap\u00edtulo. A Rede, controlada pelo Ita\u00fa Unibanco, fechou acordo com o Tribanco. Com isso, a partir desta\u00a0 ter\u00e7a-feira, 7 de maio, os clientes da Tribanco que venderem com a maquininha Rede ter\u00e3o o valor de suas vendas do cr\u00e9dito \u00e0 vista depositado em dois dias, com custo zero de antecipa\u00e7\u00e3o.<\/h2>\n<p>&nbsp;<\/p>\n<p>As condi\u00e7\u00f5es valem para atuais e novos clientes da Rede com faturamento na empresa de at\u00e9 R$ 30 milh\u00f5es\/ano e domic\u00edlio banc\u00e1rio no Tribanco. A iniciativa beneficiar\u00e1 pequenas e m\u00e9dias empresas, al\u00e9m de aut\u00f4nomos e microempreendedores.<\/p>\n<p>&nbsp;<\/p>\n<p>\u201cO Tribanco \u00e9 parceiro da Rede para credenciamento h\u00e1 muitos anos. O an\u00fancio de hoje \u00e9 uma evolu\u00e7\u00e3o do modelo de neg\u00f3cio que desenhamos juntos e um passo importante para estimular o varejo brasileiro\u201d, diz Marcos Magalh\u00e3es, presidente da Rede.<\/p>\n<p>&nbsp;<\/p>\n<p>Para Edson Nassar, presidente do Tribanco, \u201cesse movimento amplia nossa parceria com a Rede e refor\u00e7a o compromisso do Tribanco e empresas do Grupo Martins em ser o principal parceiro do varejo brasileiro. Especialmente em meios de pagamento, t\u00e3o vital ao neg\u00f3cio\u201d.<\/p>\n<p>&nbsp;<\/p>\n<p><em>Bras\u00edlia 18h01min<\/em><\/p>\n","protected":false},"excerpt":{"rendered":"<p>HAMILTON FERRARI A guerra das maquininhas de cart\u00f5es ganhou mais um cap\u00edtulo. A Rede, controlada pelo Ita\u00fa Unibanco, fechou acordo com o Tribanco. Com isso, a partir desta\u00a0 ter\u00e7a-feira, 7 de maio, os clientes da Tribanco que venderem com a maquininha Rede ter\u00e3o o valor de suas vendas do cr\u00e9dito \u00e0 vista depositado em dois [&hellip;]<\/p>\n","protected":false},"author":22,"featured_media":0,"comment_status":"open","ping_status":"closed","sticky":false,"template":"","format":"standard","meta":{"wpb_read_more":[],"footnotes":""},"categories":[600],"tags":[],"class_list":["post-10606","post","type-post","status-publish","format-standard","hentry","category-economia"],"_links":{"self":[{"href":"https:\/\/blogs2.correiobraziliense.com.br\/vicente\/wp-json\/wp\/v2\/posts\/10606","targetHints":{"allow":["GET"]}}],"collection":[{"href":"https:\/\/blogs2.correiobraziliense.com.br\/vicente\/wp-json\/wp\/v2\/posts"}],"about":[{"href":"https:\/\/blogs2.correiobraziliense.com.br\/vicente\/wp-json\/wp\/v2\/types\/post"}],"author":[{"embeddable":true,"href":"https:\/\/blogs2.correiobraziliense.com.br\/vicente\/wp-json\/wp\/v2\/users\/22"}],"replies":[{"embeddable":true,"href":"https:\/\/blogs2.correiobraziliense.com.br\/vicente\/wp-json\/wp\/v2\/comments?post=10606"}],"version-history":[{"count":1,"href":"https:\/\/blogs2.correiobraziliense.com.br\/vicente\/wp-json\/wp\/v2\/posts\/10606\/revisions"}],"predecessor-version":[{"id":10607,"href":"https:\/\/blogs2.correiobraziliense.com.br\/vicente\/wp-json\/wp\/v2\/posts\/10606\/revisions\/10607"}],"wp:attachment":[{"href":"https:\/\/blogs2.correiobraziliense.com.br\/vicente\/wp-json\/wp\/v2\/media?parent=10606"}],"wp:term":[{"taxonomy":"category","embeddable":true,"href":"https:\/\/blogs2.correiobraziliense.com.br\/vicente\/wp-json\/wp\/v2\/categories?post=10606"},{"taxonomy":"post_tag","embeddable":true,"href":"https:\/\/blogs2.correiobraziliense.com.br\/vicente\/wp-json\/wp\/v2\/tags?post=10606"}],"curies":[{"name":"wp","href":"https:\/\/api.w.org\/{rel}","templated":true}]}}