{"id":1061,"date":"2016-05-21T12:38:04","date_gmt":"2016-05-21T15:38:04","guid":{"rendered":"https:\/\/blogs2.correiobraziliense.com.br\/vicente\/?p=1061"},"modified":"2016-05-21T12:38:04","modified_gmt":"2016-05-21T15:38:04","slug":"pedro-parente-tera-que-encarar-prejuizo-de-r-57-bilhoes-na-petrobras","status":"publish","type":"post","link":"https:\/\/blogs2.correiobraziliense.com.br\/vicente\/pedro-parente-tera-que-encarar-prejuizo-de-r-57-bilhoes-na-petrobras\/","title":{"rendered":"Pedro Parente ter\u00e1 que encarar preju\u00edzo de R$ 57 bilh\u00f5es na Petrobras"},"content":{"rendered":"<p>POR SIMONE KAFRUNI<\/p>\n<p>&nbsp;<\/p>\n<p>Se o seu nome for aprovado pelo conselho de administra\u00e7\u00e3o da Petrobras, Pedro Parente assumir\u00e1 a presid\u00eancia da estatal com a obriga\u00e7\u00e3o de administrar um preju\u00edzo acumulado desde 2014 de R$ 57,5 bilh\u00f5es. O colegiado vai apreciar a indica\u00e7\u00e3o do executivo na pr\u00f3xima segunda-feira. Parente tamb\u00e9m ocupar\u00e1 uma cadeira no conselho da empresa. Para os especialistas, o endividamento de R$ 450 bilh\u00f5es da Petrobras e a liberdade para fixar os pre\u00e7os dos combust\u00edveis ser\u00e3o outros desafios para o executivo, que foi ministro da Casa Civil do governo de Fernando Henrique Cardoso.<\/p>\n<p>&nbsp;<\/p>\n<p>Na opini\u00e3o do professor de economia da Universidade Federal do Rio de Janeiro (UFRJ) Adilson de Oliveira, como j\u00e1 foi ministro e tem experi\u00eancia na coordena\u00e7\u00e3o de atividades com o Congresso, Parente tender\u00e1 a ter mais facilidade para resolver pend\u00eancias que visem melhorar a sa\u00fade da companhia. &#8220;Essa experi\u00eancia \u00e9 fundamental. A empresa precisa de mudan\u00e7as que t\u00eam de ser aprovadas no Legislativo, como a privatiza\u00e7\u00e3o ou venda dos ativos de g\u00e1s natural e a discuss\u00e3o sobre as novas regras do pr\u00e9-sal\u201d, alertou.<\/p>\n<p>&nbsp;<\/p>\n<p>Para o professor de finan\u00e7as do Ibmec\/DF Marcos Melo, a indica\u00e7\u00e3o de Parente tem o respaldo do mercado. \u201cEle \u00e9 \u00f3timo gestor e mostrou que tem for\u00e7a pol\u00edtica. Trabalhou muito bem sob press\u00e3o, durante o apag\u00e3o de 2001, e foi bem-sucedido e respeitado em outras \u00e1reas\u201d, afirmou. O especialista lembrou que, no seu primeiro discurso, Parente tranquilizou o mercado ao sinalizar que n\u00e3o vai aceitar indica\u00e7\u00f5es pol\u00edticas para cargos na petroleira.<\/p>\n<p>&nbsp;<\/p>\n<figure id=\"attachment_1062\" aria-describedby=\"caption-attachment-1062\" style=\"width: 407px\" class=\"wp-caption alignnone\"><a href=\"https:\/\/blogs2.correiobraziliense.com.br\/vicente\/wp-content\/uploads\/sites\/16\/2016\/05\/PedroParente.jpg\" rel=\"attachment wp-att-1062\"><img loading=\"lazy\" decoding=\"async\" class=\" wp-image-1062\" src=\"https:\/\/blogs2.correiobraziliense.com.br\/vicente\/wp-content\/uploads\/sites\/16\/2016\/05\/PedroParente-300x200.jpg\" alt=\"Pedro Parente, appointed president of state-owned oil giant Petrobras speaks during a press conference at Planalto Palace in Brasilia on May 19, 2016. \/ AFP PHOTO \/ EVARISTO SA\" width=\"407\" height=\"271\" srcset=\"https:\/\/blogs2.correiobraziliense.com.br\/vicente\/wp-content\/uploads\/sites\/16\/2016\/05\/PedroParente-300x200.jpg 300w, https:\/\/blogs2.correiobraziliense.com.br\/vicente\/wp-content\/uploads\/sites\/16\/2016\/05\/PedroParente-768x511.jpg 768w, https:\/\/blogs2.correiobraziliense.com.br\/vicente\/wp-content\/uploads\/sites\/16\/2016\/05\/PedroParente-350x233.jpg 350w, https:\/\/blogs2.correiobraziliense.com.br\/vicente\/wp-content\/uploads\/sites\/16\/2016\/05\/PedroParente-550x366.jpg 550w, https:\/\/blogs2.correiobraziliense.com.br\/vicente\/wp-content\/uploads\/sites\/16\/2016\/05\/PedroParente-230x153.jpg 230w, https:\/\/blogs2.correiobraziliense.com.br\/vicente\/wp-content\/uploads\/sites\/16\/2016\/05\/PedroParente.jpg 800w\" sizes=\"auto, (max-width: 407px) 100vw, 407px\" \/><\/a><figcaption id=\"caption-attachment-1062\" class=\"wp-caption-text\">Foto de Evaristo S\u00e1\/ AFP Photo<\/figcaption><\/figure>\n<p>&nbsp;<\/p>\n<p>Oliveira \u00e9 mais c\u00e9tico: \u201c\u00c9 inocente imaginar que as indica\u00e7\u00f5es para a Petrobras n\u00e3o ter\u00e3o conota\u00e7\u00e3o pol\u00edtica\u201d, rebateu. Para ele, ser\u00e1 fundamental que Parente d\u00ea continuidade aos desinvestimentos. \u201cS\u00e3o essenciais para a empresa se recompor. Outra quest\u00e3o crucial ser\u00e1 a liberdade de fixar pre\u00e7os. O governo deve aumentar a Cide (Contribui\u00e7\u00e3o de Interven\u00e7\u00e3o no Dom\u00ednio Econ\u00f4mico) sobre os combust\u00edveis. Isso vai limitar a capacidade da Petrobras de manter valores compat\u00edveis com os do mercado internacional\u201d, sublinhou.<\/p>\n<p>&nbsp;<\/p>\n<p>No entender de Marcos Melo, do Ibmec, Parente ter\u00e1 que rever cada um dos contratos para aferir o n\u00edvel de endividamento da empresa. \u201cMuita coisa precisa ser refeita conforme a tend\u00eancia do pre\u00e7o do petr\u00f3leo no mercado mundial\u201d, sustentou. O professor disse, ainda, que o futuro presidente tem que analisar as opera\u00e7\u00f5es do pr\u00e9-sal e definir uma estrat\u00e9gia de recupera\u00e7\u00e3o da credibilidade da Petrobras. \u201cA prioridade ser\u00e1 reduzir a d\u00edvida ou melhorar a qualidade do endividamento para a empresa voltar a crescer\u201d, completou.<\/p>\n<p>&nbsp;<\/p>\n<p><em>Bras\u00edlia, 12h34min<\/em><\/p>\n","protected":false},"excerpt":{"rendered":"<p>POR SIMONE KAFRUNI &nbsp; Se o seu nome for aprovado pelo conselho de administra\u00e7\u00e3o da Petrobras, Pedro Parente assumir\u00e1 a presid\u00eancia da estatal com a obriga\u00e7\u00e3o de administrar um preju\u00edzo acumulado desde 2014 de R$ 57,5 bilh\u00f5es. O colegiado vai apreciar a indica\u00e7\u00e3o do executivo na pr\u00f3xima segunda-feira. Parente tamb\u00e9m ocupar\u00e1 uma cadeira no conselho [&hellip;]<\/p>\n","protected":false},"author":22,"featured_media":0,"comment_status":"open","ping_status":"closed","sticky":false,"template":"","format":"standard","meta":{"wpb_read_more":[],"footnotes":""},"categories":[1],"tags":[],"class_list":["post-1061","post","type-post","status-publish","format-standard","hentry","category-sem-categoria"],"_links":{"self":[{"href":"https:\/\/blogs2.correiobraziliense.com.br\/vicente\/wp-json\/wp\/v2\/posts\/1061","targetHints":{"allow":["GET"]}}],"collection":[{"href":"https:\/\/blogs2.correiobraziliense.com.br\/vicente\/wp-json\/wp\/v2\/posts"}],"about":[{"href":"https:\/\/blogs2.correiobraziliense.com.br\/vicente\/wp-json\/wp\/v2\/types\/post"}],"author":[{"embeddable":true,"href":"https:\/\/blogs2.correiobraziliense.com.br\/vicente\/wp-json\/wp\/v2\/users\/22"}],"replies":[{"embeddable":true,"href":"https:\/\/blogs2.correiobraziliense.com.br\/vicente\/wp-json\/wp\/v2\/comments?post=1061"}],"version-history":[{"count":1,"href":"https:\/\/blogs2.correiobraziliense.com.br\/vicente\/wp-json\/wp\/v2\/posts\/1061\/revisions"}],"predecessor-version":[{"id":1063,"href":"https:\/\/blogs2.correiobraziliense.com.br\/vicente\/wp-json\/wp\/v2\/posts\/1061\/revisions\/1063"}],"wp:attachment":[{"href":"https:\/\/blogs2.correiobraziliense.com.br\/vicente\/wp-json\/wp\/v2\/media?parent=1061"}],"wp:term":[{"taxonomy":"category","embeddable":true,"href":"https:\/\/blogs2.correiobraziliense.com.br\/vicente\/wp-json\/wp\/v2\/categories?post=1061"},{"taxonomy":"post_tag","embeddable":true,"href":"https:\/\/blogs2.correiobraziliense.com.br\/vicente\/wp-json\/wp\/v2\/tags?post=1061"}],"curies":[{"name":"wp","href":"https:\/\/api.w.org\/{rel}","templated":true}]}}