{"id":10617,"date":"2019-05-08T18:18:51","date_gmt":"2019-05-08T21:18:51","guid":{"rendered":"https:\/\/blogs2.correiobraziliense.com.br\/vicente\/?p=10617"},"modified":"2019-05-08T19:01:54","modified_gmt":"2019-05-08T22:01:54","slug":"copom-mantem-selic-em-65-pela-nona-reuniao-consecutiva","status":"publish","type":"post","link":"https:\/\/blogs2.correiobraziliense.com.br\/vicente\/copom-mantem-selic-em-65-pela-nona-reuniao-consecutiva\/","title":{"rendered":"Copom mant\u00e9m Selic em 6,5% pela nona reuni\u00e3o consecutiva"},"content":{"rendered":"<h2><span style=\"font-weight: 400\">ROSANA HESSEL<\/span><\/h2>\n<h2><span style=\"font-weight: 400\">O Comit\u00ea de Pol\u00edtica Monet\u00e1ria (Copom) do Banco Central confirmou a expectativa do mercado e manteve, por unanimidade,\u00a0<\/span><span style=\"font-weight: 400\"> a Selic (taxa b\u00e1sica da economia) em 6,5% ao ano. Essa \u00e9 a nona reuni\u00e3o em que a Selic foi mantida e o d\u00e9cimo encontro do colegiado em que a taxa est\u00e1 no menor patamar da hist\u00f3ria.<\/span><\/h2>\n<p>&nbsp;<\/p>\n<p>Os diretores do BC atualizaram o cen\u00e1rio b\u00e1sico para a condu\u00e7\u00e3o da pol\u00edtica monet\u00e1ria. &#8220;<span style=\"font-weight: 400\">Indicadores recentes da atividade econ\u00f4mica sugerem que o arrefecimento observado no final de 2018 teve continuidade no in\u00edcio de 2019. O cen\u00e1rio do Copom contempla retomada do processo de recupera\u00e7\u00e3o gradual da atividade econ\u00f4mica. O<\/span><span style=\"font-weight: 400\">\u00a0cen\u00e1rio externo permanece desafiador. Por um lado, os riscos associados \u00e0 normaliza\u00e7\u00e3o das taxas de juros em algumas economias avan\u00e7adas mostram-se reduzidos no curto e m\u00e9dio prazos. Por outro lado, os riscos associados a uma desacelera\u00e7\u00e3o da economia global permanecem&#8221;, explicou.<\/span><\/p>\n<p>&nbsp;<\/p>\n<p><span style=\"font-weight: 400\">As expectativas de infla\u00e7\u00e3o para 2019, 2020 e 2021 apuradas pela pesquisa Focus encontram-se em torno de 4,0%, 4,0% e 3,75%, respectivamente. As metas para esses anos s\u00e3o de 4,25%, para este ano; de 4%, em 2020; e de 3,75%, em 2021.\u00a0\u00a0<\/span><\/p>\n<p>&nbsp;<\/p>\n<p><span style=\"font-weight: 400\">Os diretores do BC ressaltaram no comunicado que os fatores de risco permanecem &#8220;em ambas as dire\u00e7\u00f5es&#8221;, pelo n\u00edvel da ociosidade baixa e pela frustra\u00e7\u00e3o das expectativas em torno das reformas.\u00a0\u00a0<\/span><span style=\"font-weight: 400\">&#8220;O Comit\u00ea entende que essa decis\u00e3o reflete seu cen\u00e1rio b\u00e1sico e balan\u00e7o de riscos para a infla\u00e7\u00e3o prospectiva e \u00e9 compat\u00edvel com a converg\u00eancia da infla\u00e7\u00e3o para a meta no horizonte relevante para a condu\u00e7\u00e3o da pol\u00edtica monet\u00e1ria, que inclui o ano-calend\u00e1rio de 2019 e, em maior grau, de 2020&#8221;, informou o documento. O colegiado ainda apontou que, no caso externo,\u00a0 o risco de deteriora\u00e7\u00e3o para as economias emergentes foi intensificado. &#8220;O Comit\u00ea avalia que, embora o risco associado \u00e0 ociosidade dos fatores de produ\u00e7\u00e3o tenha se elevado na margem, o balan\u00e7o de riscos para a infla\u00e7\u00e3o mostra-se sim\u00e9trico&#8221;, emendou.<\/span><\/p>\n<p>&nbsp;<\/p>\n<p>O \u00f3rg\u00e3o ainda enfatizou que o processo de reformas e de ajustes \u00e9 &#8220;essencial&#8221; para a manuten\u00e7\u00e3o da infla\u00e7\u00e3o baixa no m\u00e9dio e longo prazos.<span style=\"font-weight: 400\">\u00a0&#8220;O Comit\u00ea ressalta que os pr\u00f3ximos passos da pol\u00edtica monet\u00e1ria continuar\u00e3o dependendo da evolu\u00e7\u00e3o da atividade econ\u00f4mica, do balan\u00e7o de riscos e das proje\u00e7\u00f5es e expectativas de infla\u00e7\u00e3o&#8221;, afirmou o texto.<\/span><\/p>\n<p>&nbsp;<\/p>\n<p><span style=\"font-weight: 400\">Votaram por essa decis\u00e3o os seguintes membros do Comit\u00ea: Roberto Oliveira Campos Neto (Presidente), Bruno Serra Fernandes, Carlos Viana de Carvalho, Carolina de Assis Barros, Jo\u00e3o Manoel Pinho de Mello, Maur\u00edcio Costa de Moura, Ot\u00e1vio Ribeiro Damaso, Paulo S\u00e9rgio Neves de Souza e Tiago Couto Berriel.<\/span><\/p>\n<p>&nbsp;<\/p>\n","protected":false},"excerpt":{"rendered":"<p>ROSANA HESSEL O Comit\u00ea de Pol\u00edtica Monet\u00e1ria (Copom) do Banco Central confirmou a expectativa do mercado e manteve, por unanimidade,\u00a0 a Selic (taxa b\u00e1sica da economia) em 6,5% ao ano. Essa \u00e9 a nona reuni\u00e3o em que a Selic foi mantida e o d\u00e9cimo encontro do colegiado em que a taxa est\u00e1 no menor patamar [&hellip;]<\/p>\n","protected":false},"author":22,"featured_media":0,"comment_status":"open","ping_status":"closed","sticky":false,"template":"","format":"standard","meta":{"wpb_read_more":[],"footnotes":""},"categories":[600],"tags":[3,99,589,4,34],"class_list":["post-10617","post","type-post","status-publish","format-standard","hentry","category-economia","tag-banco-central","tag-copom","tag-economia","tag-juros","tag-selic"],"_links":{"self":[{"href":"https:\/\/blogs2.correiobraziliense.com.br\/vicente\/wp-json\/wp\/v2\/posts\/10617","targetHints":{"allow":["GET"]}}],"collection":[{"href":"https:\/\/blogs2.correiobraziliense.com.br\/vicente\/wp-json\/wp\/v2\/posts"}],"about":[{"href":"https:\/\/blogs2.correiobraziliense.com.br\/vicente\/wp-json\/wp\/v2\/types\/post"}],"author":[{"embeddable":true,"href":"https:\/\/blogs2.correiobraziliense.com.br\/vicente\/wp-json\/wp\/v2\/users\/22"}],"replies":[{"embeddable":true,"href":"https:\/\/blogs2.correiobraziliense.com.br\/vicente\/wp-json\/wp\/v2\/comments?post=10617"}],"version-history":[{"count":3,"href":"https:\/\/blogs2.correiobraziliense.com.br\/vicente\/wp-json\/wp\/v2\/posts\/10617\/revisions"}],"predecessor-version":[{"id":10622,"href":"https:\/\/blogs2.correiobraziliense.com.br\/vicente\/wp-json\/wp\/v2\/posts\/10617\/revisions\/10622"}],"wp:attachment":[{"href":"https:\/\/blogs2.correiobraziliense.com.br\/vicente\/wp-json\/wp\/v2\/media?parent=10617"}],"wp:term":[{"taxonomy":"category","embeddable":true,"href":"https:\/\/blogs2.correiobraziliense.com.br\/vicente\/wp-json\/wp\/v2\/categories?post=10617"},{"taxonomy":"post_tag","embeddable":true,"href":"https:\/\/blogs2.correiobraziliense.com.br\/vicente\/wp-json\/wp\/v2\/tags?post=10617"}],"curies":[{"name":"wp","href":"https:\/\/api.w.org\/{rel}","templated":true}]}}