{"id":10657,"date":"2019-05-13T16:23:24","date_gmt":"2019-05-13T19:23:24","guid":{"rendered":"https:\/\/blogs2.correiobraziliense.com.br\/vicente\/?p=10657"},"modified":"2019-05-13T16:23:24","modified_gmt":"2019-05-13T19:23:24","slug":"pib-do-brasil-deve-crescer-apenas-1-em-2019-estima-itau-unibanco","status":"publish","type":"post","link":"https:\/\/blogs2.correiobraziliense.com.br\/vicente\/pib-do-brasil-deve-crescer-apenas-1-em-2019-estima-itau-unibanco\/","title":{"rendered":"PIB do Brasil deve crescer apenas 1% em 2019, estima Ita\u00fa Unibanco"},"content":{"rendered":"<h2>HAMILTON FERRARI<\/h2>\n<h2><\/h2>\n<h2>O Ita\u00fa Unibanco estima que o Produto Interno Bruto (PIB) deve crescer apenas 1% em 2018. Ou seja, a taxa ser\u00e1 menor do que a registrada no ano passado, quando marcou 1,1%. Na pr\u00e1tica, haver\u00e1 desacelera\u00e7\u00e3o da recupera\u00e7\u00e3o econ\u00f4mica. O atraso na reforma da Previd\u00eancia e o cen\u00e1rio externo conturbado prejudicam a retomada.<\/h2>\n<h2><\/h2>\n<p>Antes, o banco estava com proje\u00e7\u00e3o de 1,3% para a atividade econ\u00f4mica. Para 2020, a expectativa diminui de 2,5% para 2%. Segundo o relat\u00f3rio da institui\u00e7\u00e3o financeira, a fraqueza na atividade econ\u00f4mica e a infla\u00e7\u00e3o baixa abrem espa\u00e7o para cortes na taxa Selic, que atualmente est\u00e1 em 6,5% ao ano. \u201cMas este cen\u00e1rio continua sendo condicional \u00e0 aprova\u00e7\u00e3o da reforma da Previd\u00eancia\u201d, informou o documento.<\/p>\n<p>&nbsp;<\/p>\n<p>A proposta em tramita\u00e7\u00e3o \u00e9 fundamental para reequilibrar as contas p\u00fablicas. Os or\u00e7amentos dos estados e do governo federal est\u00e3o tomados por despesas obrigat\u00f3rias. Segundo o Tesouro Nacional, 94% do que \u00e9 gasto pelo Executivo Federal \u00e9 para o custeio destes itens, em especial as aposentadorias obrigat\u00f3rias. Ou seja, restam apenas 6% para investimentos em outras \u00e1reas e est\u00edmulos para o desenvolvimento da economia.<\/p>\n<p>&nbsp;<\/p>\n<p>O Ita\u00fa ainda revisou a estimativa de deficit prim\u00e1rio de 2019, passando de 1,5% para 0,8% do PIB. Agora, a institui\u00e7\u00e3o financeira incluiu nos c\u00e1lculos o leil\u00e3o da cess\u00e3o onerosa, que est\u00e1 marcado para fim de outubro deste ano e possibilitar\u00e1 uma receita extraordin\u00e1ria para o setor p\u00fablico. \u201cPara 2020, pioramos nossa estimativa de 1,0% para 1,1% do PIB. O cen\u00e1rio \u00e9 estritamente dependente da aprova\u00e7\u00e3o da reforma da Previd\u00eancia, cujo impacto em termos fiscais deve ser entre 50% e 75% da proposta enviada pelo governo\u201d, comunicou o banco.<\/p>\n<p>&nbsp;<\/p>\n<p>O texto feito pelo Minist\u00e9rio da Economia estima que, em 10 anos, ser\u00e1 poss\u00edvel economizar R$ 1,236 trilh\u00e3o. Se a previs\u00e3o do Ita\u00fa se confirmar, o impacto fiscal ser\u00e1 de, pelo menos, R$ 618 milh\u00f5es em uma d\u00e9cada.<\/p>\n","protected":false},"excerpt":{"rendered":"<p>HAMILTON FERRARI O Ita\u00fa Unibanco estima que o Produto Interno Bruto (PIB) deve crescer apenas 1% em 2018. Ou seja, a taxa ser\u00e1 menor do que a registrada no ano passado, quando marcou 1,1%. Na pr\u00e1tica, haver\u00e1 desacelera\u00e7\u00e3o da recupera\u00e7\u00e3o econ\u00f4mica. O atraso na reforma da Previd\u00eancia e o cen\u00e1rio externo conturbado prejudicam a retomada. [&hellip;]<\/p>\n","protected":false},"author":22,"featured_media":0,"comment_status":"open","ping_status":"closed","sticky":false,"template":"","format":"standard","meta":{"wpb_read_more":[],"footnotes":""},"categories":[600],"tags":[3840,378,113,673,58],"class_list":["post-10657","post","type-post","status-publish","format-standard","hentry","category-economia","tag-atividade","tag-brasil","tag-crescimento","tag-itau","tag-pib"],"_links":{"self":[{"href":"https:\/\/blogs2.correiobraziliense.com.br\/vicente\/wp-json\/wp\/v2\/posts\/10657","targetHints":{"allow":["GET"]}}],"collection":[{"href":"https:\/\/blogs2.correiobraziliense.com.br\/vicente\/wp-json\/wp\/v2\/posts"}],"about":[{"href":"https:\/\/blogs2.correiobraziliense.com.br\/vicente\/wp-json\/wp\/v2\/types\/post"}],"author":[{"embeddable":true,"href":"https:\/\/blogs2.correiobraziliense.com.br\/vicente\/wp-json\/wp\/v2\/users\/22"}],"replies":[{"embeddable":true,"href":"https:\/\/blogs2.correiobraziliense.com.br\/vicente\/wp-json\/wp\/v2\/comments?post=10657"}],"version-history":[{"count":1,"href":"https:\/\/blogs2.correiobraziliense.com.br\/vicente\/wp-json\/wp\/v2\/posts\/10657\/revisions"}],"predecessor-version":[{"id":10658,"href":"https:\/\/blogs2.correiobraziliense.com.br\/vicente\/wp-json\/wp\/v2\/posts\/10657\/revisions\/10658"}],"wp:attachment":[{"href":"https:\/\/blogs2.correiobraziliense.com.br\/vicente\/wp-json\/wp\/v2\/media?parent=10657"}],"wp:term":[{"taxonomy":"category","embeddable":true,"href":"https:\/\/blogs2.correiobraziliense.com.br\/vicente\/wp-json\/wp\/v2\/categories?post=10657"},{"taxonomy":"post_tag","embeddable":true,"href":"https:\/\/blogs2.correiobraziliense.com.br\/vicente\/wp-json\/wp\/v2\/tags?post=10657"}],"curies":[{"name":"wp","href":"https:\/\/api.w.org\/{rel}","templated":true}]}}