{"id":10693,"date":"2019-05-16T11:58:49","date_gmt":"2019-05-16T14:58:49","guid":{"rendered":"https:\/\/blogs2.correiobraziliense.com.br\/vicente\/?p=10693"},"modified":"2019-05-16T11:58:49","modified_gmt":"2019-05-16T14:58:49","slug":"81-dos-brasileiros-dependem-exclusivamente-do-inss-para-aposentadoria","status":"publish","type":"post","link":"https:\/\/blogs2.correiobraziliense.com.br\/vicente\/81-dos-brasileiros-dependem-exclusivamente-do-inss-para-aposentadoria\/","title":{"rendered":"81% dos brasileiros dependem exclusivamente do INSS para aposentadoria"},"content":{"rendered":"<h2>HAMILTON FERRARI<\/h2>\n<h2><\/h2>\n<h2>Uma pesquisa da Associa\u00e7\u00e3o Brasileira de Educadores Financeiros (Abefin) mostrou que 81% dos brasileiros dependem exclusivamente do Instituto Nacional de Seguro Social (INSS) para a aposentadoria. Ou seja, apenas 19% se planejaram para ter uma renda mensal ap\u00f3s o t\u00e9rmino de suas atividades profissionais.<\/h2>\n<h2><\/h2>\n<p>Al\u00e9m da depend\u00eancia, 84% dos entrevistados mostraram que s\u00e3o incapazes financeiramente a pagar suas contas. Apenas 16% conseguem lidar com a remunera\u00e7\u00e3o sem apertos. Para o presidente da Abefin, Reinaldo Domingos, os dados s\u00e3o preocupantes.<\/p>\n<p>&nbsp;<\/p>\n<p>\u201cEstamos diante de uma iminente reforma da Previd\u00eancia Social, onde o trabalhador ter\u00e1 que contribuir por um per\u00edodo maior e apenas o dinheiro do governo n\u00e3o ser\u00e1 suficiente. \u00c9 preciso educar financeiramente os trabalhadores com urg\u00eancia para que eles tenham mais sustentabilidade financeira no futuro. Al\u00e9m disso, o ganho tamb\u00e9m \u00e9 para as empresas, j\u00e1 que uma pessoa saud\u00e1vel financeiramente \u00e9 muito mais produtiva, assim as empresas devem se precaver implementando a educa\u00e7\u00e3o financeira como um benef\u00edcio aos seus colaboradores\u201d, defendeu o educador financeiro.<\/p>\n<p>&nbsp;<\/p>\n<p>O estudo feito em parceria com a Unicamp e o Instituto Axxus entrevistou 2 mil funcion\u00e1rios de cem empresas, dos mais diferentes n\u00edveis hier\u00e1rquicos. As perguntas foram feitas em nove estados: S\u00e3o Paulo, Rio de Janeiro, Minas Gerais, Paran\u00e1, Rio Grande do Sul, Bahia, Cear\u00e1, Mato Grosso do Sul, Amazonas e Distrito Federal.<\/p>\n","protected":false},"excerpt":{"rendered":"<p>HAMILTON FERRARI Uma pesquisa da Associa\u00e7\u00e3o Brasileira de Educadores Financeiros (Abefin) mostrou que 81% dos brasileiros dependem exclusivamente do Instituto Nacional de Seguro Social (INSS) para a aposentadoria. Ou seja, apenas 19% se planejaram para ter uma renda mensal ap\u00f3s o t\u00e9rmino de suas atividades profissionais. Al\u00e9m da depend\u00eancia, 84% dos entrevistados mostraram que s\u00e3o [&hellip;]<\/p>\n","protected":false},"author":22,"featured_media":0,"comment_status":"open","ping_status":"closed","sticky":false,"template":"","format":"standard","meta":{"wpb_read_more":[],"footnotes":""},"categories":[600],"tags":[3856,430,2003,408],"class_list":["post-10693","post","type-post","status-publish","format-standard","hentry","category-economia","tag-abefin","tag-aposentadoria","tag-brasileiros","tag-inss"],"_links":{"self":[{"href":"https:\/\/blogs2.correiobraziliense.com.br\/vicente\/wp-json\/wp\/v2\/posts\/10693","targetHints":{"allow":["GET"]}}],"collection":[{"href":"https:\/\/blogs2.correiobraziliense.com.br\/vicente\/wp-json\/wp\/v2\/posts"}],"about":[{"href":"https:\/\/blogs2.correiobraziliense.com.br\/vicente\/wp-json\/wp\/v2\/types\/post"}],"author":[{"embeddable":true,"href":"https:\/\/blogs2.correiobraziliense.com.br\/vicente\/wp-json\/wp\/v2\/users\/22"}],"replies":[{"embeddable":true,"href":"https:\/\/blogs2.correiobraziliense.com.br\/vicente\/wp-json\/wp\/v2\/comments?post=10693"}],"version-history":[{"count":2,"href":"https:\/\/blogs2.correiobraziliense.com.br\/vicente\/wp-json\/wp\/v2\/posts\/10693\/revisions"}],"predecessor-version":[{"id":10695,"href":"https:\/\/blogs2.correiobraziliense.com.br\/vicente\/wp-json\/wp\/v2\/posts\/10693\/revisions\/10695"}],"wp:attachment":[{"href":"https:\/\/blogs2.correiobraziliense.com.br\/vicente\/wp-json\/wp\/v2\/media?parent=10693"}],"wp:term":[{"taxonomy":"category","embeddable":true,"href":"https:\/\/blogs2.correiobraziliense.com.br\/vicente\/wp-json\/wp\/v2\/categories?post=10693"},{"taxonomy":"post_tag","embeddable":true,"href":"https:\/\/blogs2.correiobraziliense.com.br\/vicente\/wp-json\/wp\/v2\/tags?post=10693"}],"curies":[{"name":"wp","href":"https:\/\/api.w.org\/{rel}","templated":true}]}}