{"id":10704,"date":"2019-05-16T16:48:21","date_gmt":"2019-05-16T19:48:21","guid":{"rendered":"https:\/\/blogs2.correiobraziliense.com.br\/vicente\/?p=10704"},"modified":"2019-05-16T16:48:21","modified_gmt":"2019-05-16T19:48:21","slug":"brasil-pode-entrar-em-recessao-tecnica-alerta-austin","status":"publish","type":"post","link":"https:\/\/blogs2.correiobraziliense.com.br\/vicente\/brasil-pode-entrar-em-recessao-tecnica-alerta-austin\/","title":{"rendered":"Brasil pode entrar em recess\u00e3o t\u00e9cnica, alerta Austin"},"content":{"rendered":"<h2><span style=\"font-weight: 400\">ROSANA HESSEL<\/span><\/h2>\n<h2><\/h2>\n<h2><span style=\"font-weight: 400\">A onda de revis\u00f5es para baixo do Produto Interno Bruto (PIB) deste ano continua firme em meio \u00e0 escalada das frustra\u00e7\u00f5es com o governo de Jair Bolsonaro.\u00a0<\/span><span style=\"font-weight: 400\">A Austin Rating acaba de divulgar redu\u00e7\u00e3o nas proje\u00e7\u00f5es e f<\/span><span style=\"font-weight: 400\">ez um alerta para o risco de o pa\u00eds entrar em uma recess\u00e3o t\u00e9cnica ainda no primeiro semestre deste ano.\u00a0<\/span><span style=\"font-weight: 400\">A nova taxa para o PIB de 2019 despencou de 1,9% para 1%, e a de 2020, caiu de 2,6% para 2,4%.\u00a0<\/span><\/h2>\n<p>&nbsp;<\/p>\n<p><span style=\"font-weight: 400\">\u201cO cen\u00e1rio p\u00f3s-elei\u00e7\u00f5es mudou rapidamente e passou do otimismo o pessimismo. A expectativa de maior coes\u00e3o no Congresso Nacional em virtude do maior \u00edndice de renova\u00e7\u00e3o de congressistas, e que poderia acelerar o processo de aprova\u00e7\u00e3o da reforma da Previd\u00eancia, n\u00e3o se confirmou\u201d, lamentou o economista-chefe Alex Agostini. Diante dessa frustra\u00e7\u00e3o e dos indicadores nada favor\u00e1veis do IBC-Br, do Banco Central, considerada a pr\u00e9via do PIB, ele prev\u00ea recuo de 0,45% no PIB do primeiro trimestre deste ano, em compara\u00e7\u00e3o com os tr\u00eas meses imediatamente anteriores. Al\u00e9m disso, acredita que<\/span><span style=\"font-weight: 400\">\u00a0as redu\u00e7\u00f5es nas previs\u00f5es devem continuar e h\u00e1 &#8220;grande chance&#8221; de o PIB deste ano ficar abaixo de 1%. \u201cTemos chances at\u00e9 de uma recess\u00e3o t\u00e9cnica j\u00e1 no segundo trimestre\u201d, alertou.<\/span><\/p>\n<p>&nbsp;<\/p>\n<p><span style=\"font-weight: 400\">A recess\u00e3o t\u00e9cnica \u00e9 caracterizada quando o PIB recua por dois trimestres consecutivos, na compara\u00e7\u00e3o com os tr\u00eas meses anteriores. Acima de tr\u00eas trimestres de quedas seguidas, o pa\u00eds j\u00e1 entra em recess\u00e3o propriamente dita. <\/span><span style=\"font-weight: 400\">H\u00e1 dois anos, o PIB brasileiro cresce apenas 1,1% e isso \u00e9 muito pouco ap\u00f3s o tombo entre 2015 e 2016.\u00a0\u00a0<\/span><\/p>\n<p>&nbsp;<\/p>\n<p><span style=\"font-weight: 400\">As previs\u00f5es da Austin em janeiro eram bem mais otimistas ap\u00f3s o resultado das elei\u00e7\u00f5es e a expectativa positiva com o novo governo e a nova equipe econ\u00f4mica, com propostas liberais para dar o impulso ao PIB. A ag\u00eancia de classifica\u00e7\u00e3o de risco brasileira estimava um avan\u00e7o do PIB de 3%, neste ano, e de 3,4%, no ano que vem. Mas, diante\u00a0<\/span><span style=\"font-weight: 400\">desse quadro nada animador do ponto de vista econ\u00f4mico, Agostini e sua equipe apostam em uma a\u00e7\u00e3o do Banco Central como uma forma derradeira de estimular a economia. Eles reduziram a proje\u00e7\u00e3o para taxa de juros b\u00e1sica (Selic) para 5,75% no fim de 2019. Atualmente, ela se encontra em 6,5%, o menor patamar da hist\u00f3ria.\u00a0\u00a0<\/span><span style=\"font-weight: 400\">&#8220;Na esteira deste cen\u00e1rio pol\u00edtico desalentador, os agentes econ\u00f4micos colocaram as barbas de molho e aguardam o desanuviar desse c\u00e9u de incertezas\u201d, resumiu. <\/span><\/p>\n<p>&nbsp;<\/p>\n","protected":false},"excerpt":{"rendered":"<p>ROSANA HESSEL A onda de revis\u00f5es para baixo do Produto Interno Bruto (PIB) deste ano continua firme em meio \u00e0 escalada das frustra\u00e7\u00f5es com o governo de Jair Bolsonaro.\u00a0A Austin Rating acaba de divulgar redu\u00e7\u00e3o nas proje\u00e7\u00f5es e fez um alerta para o risco de o pa\u00eds entrar em uma recess\u00e3o t\u00e9cnica ainda no primeiro [&hellip;]<\/p>\n","protected":false},"author":22,"featured_media":0,"comment_status":"open","ping_status":"closed","sticky":false,"template":"","format":"standard","meta":{"wpb_read_more":[],"footnotes":""},"categories":[600],"tags":[3858,3859,2554,58,31],"class_list":["post-10704","post","type-post","status-publish","format-standard","hentry","category-economia","tag-austin","tag-austin-rating","tag-bolsonaro","tag-pib","tag-recessao"],"_links":{"self":[{"href":"https:\/\/blogs2.correiobraziliense.com.br\/vicente\/wp-json\/wp\/v2\/posts\/10704","targetHints":{"allow":["GET"]}}],"collection":[{"href":"https:\/\/blogs2.correiobraziliense.com.br\/vicente\/wp-json\/wp\/v2\/posts"}],"about":[{"href":"https:\/\/blogs2.correiobraziliense.com.br\/vicente\/wp-json\/wp\/v2\/types\/post"}],"author":[{"embeddable":true,"href":"https:\/\/blogs2.correiobraziliense.com.br\/vicente\/wp-json\/wp\/v2\/users\/22"}],"replies":[{"embeddable":true,"href":"https:\/\/blogs2.correiobraziliense.com.br\/vicente\/wp-json\/wp\/v2\/comments?post=10704"}],"version-history":[{"count":1,"href":"https:\/\/blogs2.correiobraziliense.com.br\/vicente\/wp-json\/wp\/v2\/posts\/10704\/revisions"}],"predecessor-version":[{"id":10705,"href":"https:\/\/blogs2.correiobraziliense.com.br\/vicente\/wp-json\/wp\/v2\/posts\/10704\/revisions\/10705"}],"wp:attachment":[{"href":"https:\/\/blogs2.correiobraziliense.com.br\/vicente\/wp-json\/wp\/v2\/media?parent=10704"}],"wp:term":[{"taxonomy":"category","embeddable":true,"href":"https:\/\/blogs2.correiobraziliense.com.br\/vicente\/wp-json\/wp\/v2\/categories?post=10704"},{"taxonomy":"post_tag","embeddable":true,"href":"https:\/\/blogs2.correiobraziliense.com.br\/vicente\/wp-json\/wp\/v2\/tags?post=10704"}],"curies":[{"name":"wp","href":"https:\/\/api.w.org\/{rel}","templated":true}]}}