{"id":1071,"date":"2016-05-21T16:07:03","date_gmt":"2016-05-21T19:07:03","guid":{"rendered":"https:\/\/blogs2.correiobraziliense.com.br\/vicente\/?p=1071"},"modified":"2016-05-21T16:07:03","modified_gmt":"2016-05-21T19:07:03","slug":"mau-exemplo-magistrados","status":"publish","type":"post","link":"https:\/\/blogs2.correiobraziliense.com.br\/vicente\/mau-exemplo-magistrados\/","title":{"rendered":"Mau exemplo de magistrados. Para eles, n\u00e3o h\u00e1 crise"},"content":{"rendered":"<p>Enquanto o pa\u00eds \u00e9 apresentado a um rombo fiscal de R$ 170,5 bilh\u00f5es nas contas p\u00fablicas neste ano e o ministro da Fazenda, Henrique Meirelles, diz que todos ter\u00e3o de dar sua cota de sacrif\u00edcio para tirar o pa\u00eds do atoleiro, magistrados e ministros de tribunais superiores d\u00e3o mostras de estarem alheio \u00e0 crise que o Brasil vive.<\/p>\n<p>&nbsp;<\/p>\n<p>Desde a \u00faltima quinta-feira, eles e seus familiares est\u00e3o no resort Iboerostar, na Praia do Forte, na Bahia, com tudo pago, ou seja, all inclusive. O tema do semin\u00e1rio \u00e9 sugestivo: uma discuss\u00e3o sobre os caminhos para o pa\u00eds sair da crise e um dos pain\u00e9is trata da reforma trabalhista, para permitir a redu\u00e7\u00e3o de sal\u00e1rios. Mas o que os magistrados e ministros mais t\u00eam feito \u00e9 curtir as belezas e as mordomias do local. Os debates s\u00f3 come\u00e7am \u00e0s 15h e t\u00eam sido pouco prestigiados.<\/p>\n<p>&nbsp;<\/p>\n<p>N\u00e3o \u00e9 s\u00f3: todos est\u00e3o recebendo di\u00e1rias do setor p\u00fablico por quatro dias para curtirem praia, piscina, comida da melhor qualidade, bebidas alco\u00f3licas ou n\u00e3o, nacionais ou estrangeiras nos bares do hotel, no teatro, na boate e no frigobar sem desembolsarem um tost\u00e3o. Para os magistrados e ministros de tribunais superiores, a crise realmente s\u00f3 vale para os demais mortais.<\/p>\n<p>&nbsp;<\/p>\n<p>O semin\u00e1rio tem patroc\u00ednios de peso: Febraban, Abrapp, BNDES, JBS, Abecip, Serasa Expirian, Itaipu Binacional e Abecs, entre outros (veja foto). Todos com interesses grandes nos tribunais.<\/p>\n<p>&nbsp;<\/p>\n<p><a href=\"https:\/\/blogs2.correiobraziliense.com.br\/vicente\/wp-content\/uploads\/sites\/16\/2016\/05\/Magistrados.jpg\" rel=\"attachment wp-att-1073\"><img loading=\"lazy\" decoding=\"async\" class=\"alignnone size-medium wp-image-1073\" src=\"https:\/\/blogs2.correiobraziliense.com.br\/vicente\/wp-content\/uploads\/sites\/16\/2016\/05\/Magistrados-225x300.jpg\" alt=\"Magistrados\" width=\"225\" height=\"300\" srcset=\"https:\/\/blogs2.correiobraziliense.com.br\/vicente\/wp-content\/uploads\/sites\/16\/2016\/05\/Magistrados-225x300.jpg 225w, https:\/\/blogs2.correiobraziliense.com.br\/vicente\/wp-content\/uploads\/sites\/16\/2016\/05\/Magistrados-263x350.jpg 263w, https:\/\/blogs2.correiobraziliense.com.br\/vicente\/wp-content\/uploads\/sites\/16\/2016\/05\/Magistrados-550x732.jpg 550w, https:\/\/blogs2.correiobraziliense.com.br\/vicente\/wp-content\/uploads\/sites\/16\/2016\/05\/Magistrados-230x306.jpg 230w, https:\/\/blogs2.correiobraziliense.com.br\/vicente\/wp-content\/uploads\/sites\/16\/2016\/05\/Magistrados.jpg 640w\" sizes=\"auto, (max-width: 225px) 100vw, 225px\" \/><\/a><\/p>\n<p>&nbsp;<\/p>\n<p><a href=\"https:\/\/blogs2.correiobraziliense.com.br\/vicente\/wp-content\/uploads\/sites\/16\/2016\/05\/PraiaForte.jpg\" rel=\"attachment wp-att-1074\"><img loading=\"lazy\" decoding=\"async\" class=\"alignnone size-medium wp-image-1074\" src=\"https:\/\/blogs2.correiobraziliense.com.br\/vicente\/wp-content\/uploads\/sites\/16\/2016\/05\/PraiaForte-225x300.jpg\" alt=\"PraiaForte\" width=\"225\" height=\"300\" srcset=\"https:\/\/blogs2.correiobraziliense.com.br\/vicente\/wp-content\/uploads\/sites\/16\/2016\/05\/PraiaForte-225x300.jpg 225w, https:\/\/blogs2.correiobraziliense.com.br\/vicente\/wp-content\/uploads\/sites\/16\/2016\/05\/PraiaForte-768x1024.jpg 768w, https:\/\/blogs2.correiobraziliense.com.br\/vicente\/wp-content\/uploads\/sites\/16\/2016\/05\/PraiaForte-263x350.jpg 263w, https:\/\/blogs2.correiobraziliense.com.br\/vicente\/wp-content\/uploads\/sites\/16\/2016\/05\/PraiaForte-550x733.jpg 550w, https:\/\/blogs2.correiobraziliense.com.br\/vicente\/wp-content\/uploads\/sites\/16\/2016\/05\/PraiaForte-230x307.jpg 230w, https:\/\/blogs2.correiobraziliense.com.br\/vicente\/wp-content\/uploads\/sites\/16\/2016\/05\/PraiaForte.jpg 960w\" sizes=\"auto, (max-width: 225px) 100vw, 225px\" \/><\/a><\/p>\n<p>&nbsp;<\/p>\n<p><a href=\"https:\/\/blogs2.correiobraziliense.com.br\/vicente\/wp-content\/uploads\/sites\/16\/2016\/05\/Acaraj\u00e9.jpg\" rel=\"attachment wp-att-1075\"><img loading=\"lazy\" decoding=\"async\" class=\"alignnone size-medium wp-image-1075\" src=\"https:\/\/blogs2.correiobraziliense.com.br\/vicente\/wp-content\/uploads\/sites\/16\/2016\/05\/Acaraj\u00e9-225x300.jpg\" alt=\"Acaraj\u00e9\" width=\"225\" height=\"300\" srcset=\"https:\/\/blogs2.correiobraziliense.com.br\/vicente\/wp-content\/uploads\/sites\/16\/2016\/05\/Acaraj\u00e9-225x300.jpg 225w, https:\/\/blogs2.correiobraziliense.com.br\/vicente\/wp-content\/uploads\/sites\/16\/2016\/05\/Acaraj\u00e9-768x1024.jpg 768w, https:\/\/blogs2.correiobraziliense.com.br\/vicente\/wp-content\/uploads\/sites\/16\/2016\/05\/Acaraj\u00e9-263x350.jpg 263w, https:\/\/blogs2.correiobraziliense.com.br\/vicente\/wp-content\/uploads\/sites\/16\/2016\/05\/Acaraj\u00e9-550x733.jpg 550w, https:\/\/blogs2.correiobraziliense.com.br\/vicente\/wp-content\/uploads\/sites\/16\/2016\/05\/Acaraj\u00e9-230x307.jpg 230w, https:\/\/blogs2.correiobraziliense.com.br\/vicente\/wp-content\/uploads\/sites\/16\/2016\/05\/Acaraj\u00e9.jpg 960w\" sizes=\"auto, (max-width: 225px) 100vw, 225px\" \/><\/a><\/p>\n","protected":false},"excerpt":{"rendered":"<p>Enquanto o pa\u00eds \u00e9 apresentado a um rombo fiscal de R$ 170,5 bilh\u00f5es nas contas p\u00fablicas neste ano e o ministro da Fazenda, Henrique Meirelles, diz que todos ter\u00e3o de dar sua cota de sacrif\u00edcio para tirar o pa\u00eds do atoleiro, magistrados e ministros de tribunais superiores d\u00e3o mostras de estarem alheio \u00e0 crise que [&hellip;]<\/p>\n","protected":false},"author":22,"featured_media":0,"comment_status":"open","ping_status":"closed","sticky":false,"template":"","format":"standard","meta":{"wpb_read_more":[],"footnotes":""},"categories":[1],"tags":[],"class_list":["post-1071","post","type-post","status-publish","format-standard","hentry","category-sem-categoria"],"_links":{"self":[{"href":"https:\/\/blogs2.correiobraziliense.com.br\/vicente\/wp-json\/wp\/v2\/posts\/1071","targetHints":{"allow":["GET"]}}],"collection":[{"href":"https:\/\/blogs2.correiobraziliense.com.br\/vicente\/wp-json\/wp\/v2\/posts"}],"about":[{"href":"https:\/\/blogs2.correiobraziliense.com.br\/vicente\/wp-json\/wp\/v2\/types\/post"}],"author":[{"embeddable":true,"href":"https:\/\/blogs2.correiobraziliense.com.br\/vicente\/wp-json\/wp\/v2\/users\/22"}],"replies":[{"embeddable":true,"href":"https:\/\/blogs2.correiobraziliense.com.br\/vicente\/wp-json\/wp\/v2\/comments?post=1071"}],"version-history":[{"count":1,"href":"https:\/\/blogs2.correiobraziliense.com.br\/vicente\/wp-json\/wp\/v2\/posts\/1071\/revisions"}],"predecessor-version":[{"id":1076,"href":"https:\/\/blogs2.correiobraziliense.com.br\/vicente\/wp-json\/wp\/v2\/posts\/1071\/revisions\/1076"}],"wp:attachment":[{"href":"https:\/\/blogs2.correiobraziliense.com.br\/vicente\/wp-json\/wp\/v2\/media?parent=1071"}],"wp:term":[{"taxonomy":"category","embeddable":true,"href":"https:\/\/blogs2.correiobraziliense.com.br\/vicente\/wp-json\/wp\/v2\/categories?post=1071"},{"taxonomy":"post_tag","embeddable":true,"href":"https:\/\/blogs2.correiobraziliense.com.br\/vicente\/wp-json\/wp\/v2\/tags?post=1071"}],"curies":[{"name":"wp","href":"https:\/\/api.w.org\/{rel}","templated":true}]}}