{"id":10734,"date":"2019-05-16T18:44:34","date_gmt":"2019-05-16T21:44:34","guid":{"rendered":"https:\/\/blogs2.correiobraziliense.com.br\/vicente\/?p=10734"},"modified":"2019-05-16T18:50:50","modified_gmt":"2019-05-16T21:50:50","slug":"desligamentos-em-estatais-podem-render-r-23-bi-por-ano-diz-economia","status":"publish","type":"post","link":"https:\/\/blogs2.correiobraziliense.com.br\/vicente\/desligamentos-em-estatais-podem-render-r-23-bi-por-ano-diz-economia\/","title":{"rendered":"Desligamentos em estatais podem render R$ 2,3 bi por ano, diz Economia"},"content":{"rendered":"<h2>HAMILTON FERRARI<\/h2>\n<h2><\/h2>\n<h2>O Minist\u00e9rio da Economia divulgou que foram aprovados sete Programas de Desligamento Volunt\u00e1rio (PDVs) de estatais, que, segundo a pasta, podem gerar economia de R$ 2,3 bilh\u00f5es por ano. A medida teve o aval da Secretaria de Desestatiza\u00e7\u00e3o e Desenvolvimento e vai na dire\u00e7\u00e3o da \u201cdiminui\u00e7\u00e3o do aparelho estatal\u201d. A estimativa \u00e9 que 21 mil empregados sejam desligados das estatais.<\/h2>\n<p>&nbsp;<\/p>\n<p>Em comunicado \u00e0 imprensa, o secret\u00e1rio de Coordena\u00e7\u00e3o e Governan\u00e7a das Estatais, Fernando Soares, destacou que a expectativa \u00e9 que os programas aprovados sejam finalizados ainda em 2019. Para ele, PDV \u00e9 redu\u00e7\u00e3o de custos com aumento da produtividade das empresas. \u201cAs estatais devem ter foco em efici\u00eancia, produtividade e economia de custos. Temos que primar por uma aloca\u00e7\u00e3o eficiente do recurso. Toda a nossa a\u00e7\u00e3o \u00e9 nesse sentido de melhorar a entrega dessas entidades para a sociedade brasileira\u201d, declarou Soares.<\/p>\n<p>&nbsp;<\/p>\n<p>Entre as estatais que j\u00e1 anunciaram PDV\u2019s est\u00e3o Correios, Petrobras, Infraero e Embrapa. O Minist\u00e9rio da Economia informou que n\u00e3o \u00e9 poss\u00edvel divulgar quais as outras empresas est\u00e3o com programas aprovados por uma quest\u00e3o estrat\u00e9gica. As companhias devem fazer os an\u00fancios assim que os tr\u00e2mites forem acertados em cada uma.<\/p>\n<p>&nbsp;<\/p>\n<p>\u201cCabe \u00e0 gest\u00e3o fazer um trabalho junto aos seus empregados para que o PDV seja melhor entendido por eles. \u00c9 preciso que a \u00e1rea de Recursos Humanos da empresa e a diretoria mostrem os benef\u00edcios da ades\u00e3o ao programa\u201d, disse Soares. O secret\u00e1rio ressaltou que o Minist\u00e9rio da Economia estuda a ado\u00e7\u00e3o de mais quatro programas de empresas distintas ainda para este ano.<\/p>\n<p>&nbsp;<\/p>\n<p><em>Bras\u00edlia, 18h43min<\/em><\/p>\n","protected":false},"excerpt":{"rendered":"<p>HAMILTON FERRARI O Minist\u00e9rio da Economia divulgou que foram aprovados sete Programas de Desligamento Volunt\u00e1rio (PDVs) de estatais, que, segundo a pasta, podem gerar economia de R$ 2,3 bilh\u00f5es por ano. A medida teve o aval da Secretaria de Desestatiza\u00e7\u00e3o e Desenvolvimento e vai na dire\u00e7\u00e3o da \u201cdiminui\u00e7\u00e3o do aparelho estatal\u201d. A estimativa \u00e9 que [&hellip;]<\/p>\n","protected":false},"author":22,"featured_media":0,"comment_status":"open","ping_status":"closed","sticky":false,"template":"","format":"standard","meta":{"wpb_read_more":[],"footnotes":""},"categories":[600],"tags":[3865,22,589,177,1396,3864],"class_list":["post-10734","post","type-post","status-publish","format-standard","hentry","category-economia","tag-3-bilhoes","tag-demissao","tag-economia","tag-estatais","tag-pdv","tag-r2"],"_links":{"self":[{"href":"https:\/\/blogs2.correiobraziliense.com.br\/vicente\/wp-json\/wp\/v2\/posts\/10734","targetHints":{"allow":["GET"]}}],"collection":[{"href":"https:\/\/blogs2.correiobraziliense.com.br\/vicente\/wp-json\/wp\/v2\/posts"}],"about":[{"href":"https:\/\/blogs2.correiobraziliense.com.br\/vicente\/wp-json\/wp\/v2\/types\/post"}],"author":[{"embeddable":true,"href":"https:\/\/blogs2.correiobraziliense.com.br\/vicente\/wp-json\/wp\/v2\/users\/22"}],"replies":[{"embeddable":true,"href":"https:\/\/blogs2.correiobraziliense.com.br\/vicente\/wp-json\/wp\/v2\/comments?post=10734"}],"version-history":[{"count":2,"href":"https:\/\/blogs2.correiobraziliense.com.br\/vicente\/wp-json\/wp\/v2\/posts\/10734\/revisions"}],"predecessor-version":[{"id":10736,"href":"https:\/\/blogs2.correiobraziliense.com.br\/vicente\/wp-json\/wp\/v2\/posts\/10734\/revisions\/10736"}],"wp:attachment":[{"href":"https:\/\/blogs2.correiobraziliense.com.br\/vicente\/wp-json\/wp\/v2\/media?parent=10734"}],"wp:term":[{"taxonomy":"category","embeddable":true,"href":"https:\/\/blogs2.correiobraziliense.com.br\/vicente\/wp-json\/wp\/v2\/categories?post=10734"},{"taxonomy":"post_tag","embeddable":true,"href":"https:\/\/blogs2.correiobraziliense.com.br\/vicente\/wp-json\/wp\/v2\/tags?post=10734"}],"curies":[{"name":"wp","href":"https:\/\/api.w.org\/{rel}","templated":true}]}}