{"id":10738,"date":"2019-05-17T11:34:27","date_gmt":"2019-05-17T14:34:27","guid":{"rendered":"https:\/\/blogs2.correiobraziliense.com.br\/vicente\/?p=10738"},"modified":"2019-05-17T11:56:24","modified_gmt":"2019-05-17T14:56:24","slug":"desorganizacao-do-governo-e-denuncias-contra-familia-bolsonaro-levam-dolar-para-quase-r-410","status":"publish","type":"post","link":"https:\/\/blogs2.correiobraziliense.com.br\/vicente\/desorganizacao-do-governo-e-denuncias-contra-familia-bolsonaro-levam-dolar-para-quase-r-410\/","title":{"rendered":"Desorganiza\u00e7\u00e3o do governo e den\u00fancias contra fam\u00edlia Bolsonaro levam d\u00f3lar para quase R$ 4,10"},"content":{"rendered":"<h2>A sexta-feira, 17 de maio, est\u00e1 sendo movida por um clima de forte tens\u00e3o entre os investidores. A desorganiza\u00e7\u00e3o do governo, que tem inflamado uma crise com o Congresso, e as den\u00fancias contra a fam\u00edlia Bolsonaro empurraram o d\u00f3lar para quase R$ 4,10, um problema para o Banco Central.<\/h2>\n<p>&nbsp;<\/p>\n<p><a href=\"https:\/\/blogs2.correiobraziliense.com.br\/vicente\/wp-content\/uploads\/sites\/16\/2019\/03\/Bolsonaro2.jpg\"><img loading=\"lazy\" decoding=\"async\" class=\"wp-image-10126 alignleft\" src=\"https:\/\/blogs2.correiobraziliense.com.br\/vicente\/wp-content\/uploads\/sites\/16\/2019\/03\/Bolsonaro2.jpg\" alt=\"\" width=\"526\" height=\"350\" srcset=\"https:\/\/blogs2.correiobraziliense.com.br\/vicente\/wp-content\/uploads\/sites\/16\/2019\/03\/Bolsonaro2.jpg 820w, https:\/\/blogs2.correiobraziliense.com.br\/vicente\/wp-content\/uploads\/sites\/16\/2019\/03\/Bolsonaro2-300x200.jpg 300w, https:\/\/blogs2.correiobraziliense.com.br\/vicente\/wp-content\/uploads\/sites\/16\/2019\/03\/Bolsonaro2-768x511.jpg 768w, https:\/\/blogs2.correiobraziliense.com.br\/vicente\/wp-content\/uploads\/sites\/16\/2019\/03\/Bolsonaro2-350x233.jpg 350w, https:\/\/blogs2.correiobraziliense.com.br\/vicente\/wp-content\/uploads\/sites\/16\/2019\/03\/Bolsonaro2-550x366.jpg 550w, https:\/\/blogs2.correiobraziliense.com.br\/vicente\/wp-content\/uploads\/sites\/16\/2019\/03\/Bolsonaro2-230x153.jpg 230w\" sizes=\"auto, (max-width: 526px) 100vw, 526px\" \/><\/a><\/p>\n<p>Desde a abertura das negocia\u00e7\u00f5es, o d\u00f3lar j\u00e1 apontou para cima. Por volta das 11h30, a moeda estava cotada a R$ 4,08 par venda, com valoriza\u00e7\u00e3o de 0,97%. A alta da divida norte-americana est\u00e1 sendo puxada pela sa\u00edda de investidores estrangeiros do pa\u00eds, assustados com o clima pol\u00edtico.<\/p>\n<p>&nbsp;<\/p>\n<p>A Bolsa de Valores de S\u00e3o Paulo (B3) abriu o dia no vermelho, mas acabou virando para uma alta de de 0,57%. Os investidores aproveitaram os baixos pre\u00e7os das a\u00e7\u00f5es para refor\u00e7ar suas carteiras. Em maio, a Bolsa acumula baixa de mais de 6%.<\/p>\n<p>&nbsp;<\/p>\n<p><strong>Previd\u00eancia<\/strong><\/p>\n<p>&nbsp;<\/p>\n<p>Os investidores temem que, com as dificuldades do governo na rela\u00e7\u00e3o com o Congresso, o andamento da reforma da Previd\u00eancia seja prejudicado. A not\u00edcia de que os presidentes da C\u00e2mara, Rodrigo Maia, e do Senado, Davi Alcolumbre, se comprometeram a aprovar as mudan\u00e7as no sistema de aposentadoria at\u00e9 julho deu um sopro de esperan\u00e7a.<\/p>\n<p>&nbsp;<\/p>\n<p>Mas a tens\u00e3o deve continuar, sobretudo por causa das den\u00fancias de irregularidades cometidas pela fam\u00edlia Bolsonaro. Segundo investiga\u00e7\u00e3o do Minist\u00e9rio P\u00fablico, ex-assessores do presidente Jair Bolsonaro, de uma das ex-mulheres dele e dos filhos Carlos e Fl\u00e1vio teriam participado de um sistema de rachadinha, pelo qual devolviam parte dos sal\u00e1rios aos pol\u00edticos.<\/p>\n<p>&nbsp;<\/p>\n<p>Muitos est\u00e3o esperando explica\u00e7\u00f5es mais firmes da fam\u00edlia Bolsonaro, que se elegeu pregando um ataque feroz \u00e0 corrup\u00e7\u00e3o. Os investidores temem que, com tais den\u00fancias, a popularidade do governo, que j\u00e1 vem caindo, desabe, fragilizando ainda mais o Pal\u00e1cio do Planalto nas negocia\u00e7\u00f5es com o Congresso.<\/p>\n<p>&nbsp;<\/p>\n<p>Todas essa crise pol\u00edtica, vale ressaltar, ganha contornos maiores devido ao baixo crescimento da economia e \u00e0 tens\u00e3o do exterior ante \u00e0 guerra comercial travada pelos Estados Unidos e a China. O mundo todo est\u00e1 em polvorada frente ao que pode sair da batalha envolvendo as duas maiores economias do planeta.<\/p>\n<p>&nbsp;<\/p>\n<p><em>Bras\u00edlia, 11h34min<\/em><\/p>\n","protected":false},"excerpt":{"rendered":"<p>A sexta-feira, 17 de maio, est\u00e1 sendo movida por um clima de forte tens\u00e3o entre os investidores. A desorganiza\u00e7\u00e3o do governo, que tem inflamado uma crise com o Congresso, e as den\u00fancias contra a fam\u00edlia Bolsonaro empurraram o d\u00f3lar para quase R$ 4,10, um problema para o Banco Central. &nbsp; Desde a abertura das negocia\u00e7\u00f5es, [&hellip;]<\/p>\n","protected":false},"author":22,"featured_media":0,"comment_status":"open","ping_status":"closed","sticky":false,"template":"","format":"standard","meta":{"wpb_read_more":[],"footnotes":""},"categories":[600],"tags":[2393,2554,179,2038,343],"class_list":["post-10738","post","type-post","status-publish","format-standard","hentry","category-economia","tag-bolsa","tag-bolsonaro","tag-crise","tag-denuncias","tag-dolar"],"_links":{"self":[{"href":"https:\/\/blogs2.correiobraziliense.com.br\/vicente\/wp-json\/wp\/v2\/posts\/10738","targetHints":{"allow":["GET"]}}],"collection":[{"href":"https:\/\/blogs2.correiobraziliense.com.br\/vicente\/wp-json\/wp\/v2\/posts"}],"about":[{"href":"https:\/\/blogs2.correiobraziliense.com.br\/vicente\/wp-json\/wp\/v2\/types\/post"}],"author":[{"embeddable":true,"href":"https:\/\/blogs2.correiobraziliense.com.br\/vicente\/wp-json\/wp\/v2\/users\/22"}],"replies":[{"embeddable":true,"href":"https:\/\/blogs2.correiobraziliense.com.br\/vicente\/wp-json\/wp\/v2\/comments?post=10738"}],"version-history":[{"count":1,"href":"https:\/\/blogs2.correiobraziliense.com.br\/vicente\/wp-json\/wp\/v2\/posts\/10738\/revisions"}],"predecessor-version":[{"id":10739,"href":"https:\/\/blogs2.correiobraziliense.com.br\/vicente\/wp-json\/wp\/v2\/posts\/10738\/revisions\/10739"}],"wp:attachment":[{"href":"https:\/\/blogs2.correiobraziliense.com.br\/vicente\/wp-json\/wp\/v2\/media?parent=10738"}],"wp:term":[{"taxonomy":"category","embeddable":true,"href":"https:\/\/blogs2.correiobraziliense.com.br\/vicente\/wp-json\/wp\/v2\/categories?post=10738"},{"taxonomy":"post_tag","embeddable":true,"href":"https:\/\/blogs2.correiobraziliense.com.br\/vicente\/wp-json\/wp\/v2\/tags?post=10738"}],"curies":[{"name":"wp","href":"https:\/\/api.w.org\/{rel}","templated":true}]}}