{"id":10752,"date":"2019-05-17T18:50:47","date_gmt":"2019-05-17T21:50:47","guid":{"rendered":"https:\/\/blogs2.correiobraziliense.com.br\/vicente\/?p=10752"},"modified":"2019-05-17T18:50:47","modified_gmt":"2019-05-17T21:50:47","slug":"protagonismo-dos-parlamentares-na-reforma-anima-investidores-nos-eua","status":"publish","type":"post","link":"https:\/\/blogs2.correiobraziliense.com.br\/vicente\/protagonismo-dos-parlamentares-na-reforma-anima-investidores-nos-eua\/","title":{"rendered":"Protagonismo dos parlamentares na reforma anima investidores nos EUA"},"content":{"rendered":"<h2>HAMILTON FERRARI<\/h2>\n<h2><\/h2>\n<h2>As a\u00e7\u00f5es das empresas brasileiras sobem no mercado futuro no Exchange Traded Funds (ETF) nos Estados Unidos com a possibilidade dos parlamentares assumirem o protagonismo de uma nova reforma da Previd\u00eancia. O Blog mostrou que os deputados defendem abandonar o projeto do governo e, no lugar, colocar para vota\u00e7\u00e3o um substitutivo \u2014 texto alternativo \u00e0 Proposta de Emenda \u00e0 Constitui\u00e7\u00e3o (PEC) n\u00ba 6.<\/h2>\n<p>&nbsp;<\/p>\n<p>Segundo o economista Pablo Spyer, diretor da corretora Mirae Asset, a not\u00edcia parece estar sendo bem recebida. \u201cPode ser que o sentimento seja de que, se os pr\u00f3prios deputados v\u00e3o apresentar um texto, a vota\u00e7\u00e3o ser\u00e1 mais r\u00e1pida e o assunto estar\u00e1 resolvido de forma mais r\u00e1pida\u201d, afirmou. Para isso, por\u00e9m, o analista ressaltou que \u00e9 preciso que a reforma economize, pelo menos, R$ 700 bilh\u00f5es em 10 anos. \u201cSe for R$ 500 bilh\u00f5es para baixo, azeda\u201d, comentou.<\/p>\n<p>&nbsp;<\/p>\n<p>As a\u00e7\u00f5es futuras do fundo ETF subiam 0,43% por volta de 18h10. O ministro da Economia, Paulo Guedes, defende que \u00e9 preciso, ao menos, R$ 1 trilh\u00e3o para permitir a transi\u00e7\u00e3o de regimes, de reparti\u00e7\u00e3o para o de capitaliza\u00e7\u00e3o.<\/p>\n<p>&nbsp;<\/p>\n<p><em>Bras\u00edlia, 18h48min<\/em><\/p>\n","protected":false},"excerpt":{"rendered":"<p>HAMILTON FERRARI As a\u00e7\u00f5es das empresas brasileiras sobem no mercado futuro no Exchange Traded Funds (ETF) nos Estados Unidos com a possibilidade dos parlamentares assumirem o protagonismo de uma nova reforma da Previd\u00eancia. O Blog mostrou que os deputados defendem abandonar o projeto do governo e, no lugar, colocar para vota\u00e7\u00e3o um substitutivo \u2014 texto [&hellip;]<\/p>\n","protected":false},"author":22,"featured_media":0,"comment_status":"open","ping_status":"closed","sticky":false,"template":"","format":"standard","meta":{"wpb_read_more":[],"footnotes":""},"categories":[600],"tags":[2497,2522,204,429,614],"class_list":["post-10752","post","type-post","status-publish","format-standard","hentry","category-economia","tag-deputados","tag-parlamentares","tag-pec","tag-previdencia","tag-reforma"],"_links":{"self":[{"href":"https:\/\/blogs2.correiobraziliense.com.br\/vicente\/wp-json\/wp\/v2\/posts\/10752","targetHints":{"allow":["GET"]}}],"collection":[{"href":"https:\/\/blogs2.correiobraziliense.com.br\/vicente\/wp-json\/wp\/v2\/posts"}],"about":[{"href":"https:\/\/blogs2.correiobraziliense.com.br\/vicente\/wp-json\/wp\/v2\/types\/post"}],"author":[{"embeddable":true,"href":"https:\/\/blogs2.correiobraziliense.com.br\/vicente\/wp-json\/wp\/v2\/users\/22"}],"replies":[{"embeddable":true,"href":"https:\/\/blogs2.correiobraziliense.com.br\/vicente\/wp-json\/wp\/v2\/comments?post=10752"}],"version-history":[{"count":1,"href":"https:\/\/blogs2.correiobraziliense.com.br\/vicente\/wp-json\/wp\/v2\/posts\/10752\/revisions"}],"predecessor-version":[{"id":10754,"href":"https:\/\/blogs2.correiobraziliense.com.br\/vicente\/wp-json\/wp\/v2\/posts\/10752\/revisions\/10754"}],"wp:attachment":[{"href":"https:\/\/blogs2.correiobraziliense.com.br\/vicente\/wp-json\/wp\/v2\/media?parent=10752"}],"wp:term":[{"taxonomy":"category","embeddable":true,"href":"https:\/\/blogs2.correiobraziliense.com.br\/vicente\/wp-json\/wp\/v2\/categories?post=10752"},{"taxonomy":"post_tag","embeddable":true,"href":"https:\/\/blogs2.correiobraziliense.com.br\/vicente\/wp-json\/wp\/v2\/tags?post=10752"}],"curies":[{"name":"wp","href":"https:\/\/api.w.org\/{rel}","templated":true}]}}