{"id":108,"date":"2015-06-13T10:10:00","date_gmt":"2015-06-13T13:10:00","guid":{"rendered":"https:\/\/blogs2.correiobraziliense.com.br\/vicente\/choque_no_bolso\/"},"modified":"2015-06-13T10:10:00","modified_gmt":"2015-06-13T13:10:00","slug":"choque_no_bolso","status":"publish","type":"post","link":"https:\/\/blogs2.correiobraziliense.com.br\/vicente\/choque_no_bolso\/","title":{"rendered":"CHOQUE NO BOLSO"},"content":{"rendered":"\n<p>O tormento da infla\u00e7\u00e3o est\u00e1 longe de dar o al\u00edvio que, desesperadamente, o governo espera. Na pr\u00f3xima sexta-feira, o Instituto Brasileiro de Geografia e Estat\u00edstica (IBGE) apresentar\u00e1 mais uma prova de que a carestia continua latente, e fazendo estrago no or\u00e7amento das fam\u00edlias, a despeito de todo o arrocho monet\u00e1rio promovido pelo Banco Central. Pelas coletas de pre\u00e7os feitas pelo mercado financeiro, o IPCA-15, pr\u00e9via do \u00edndice oficial, poder\u00e1 atingir 0,85% em junho, taxa que comprovar\u00e1 nova acelera\u00e7\u00e3o dos reajustes. <\/p>\n<p>Na avalia\u00e7\u00e3o dos economistas Maur\u00edcio Molan, do Banco Santander, e Andr\u00e9 Perfeito, da Gradual Investimentos, o IPCA-15 ser\u00e1 pressionado pelos alimentos, cujos pre\u00e7os deveriam estar caindo nesta \u00e9poca do ano, e pelas tarifas p\u00fablicas, sobretudo as de \u00e1gua e de esgoto. Se confirmado o 0,85% de alta, a infla\u00e7\u00e3o acumulada em 12 meses bater\u00e1 em 8,65%. Os n\u00fameros assustam, sobretudo, pela velocidade da piora. H\u00e1 duas semanas, o consenso entre os especialistas era de que a pr\u00e9via do \u00cdndice de Pre\u00e7os ao Consumidor Amplo (IPCA) ficaria entre 0,45% e 0,50%. <\/p>\n<p>Para Ivo Chermont, economista-chefe da Itaim Asset, diante desse quadro inflacion\u00e1rio, no qual sete em cada 10 produtos e servi\u00e7os pesquisados pelo IBGE est\u00e3o registrando aumentos, n\u00e3o restar\u00e1 alternativa ao Banco Central sen\u00e3o a de levar a taxa b\u00e1sica de juros (Selic) para 15% ao ano. \u201cEssa \u00e9 a minha proje\u00e7\u00e3o principal\u201d, diz. \u201cSer\u00e3o mais duas altas de 0,50 ponto percentual e uma de 0,25%\u201d, acrescenta. \u201cNa melhor das hip\u00f3teses, a Selic pode ficar em 14,75%, o que, mesmo assim, representar\u00e1 aumento de 1 ponto em rela\u00e7\u00e3o \u00e0 taxa atual, de 13,75%.\u201d <\/p>\n<p>Chermont chama a aten\u00e7\u00e3o para outra press\u00e3o que o BC ter\u00e1 que lidar, a do d\u00f3lar em alta, caso, na quarta-feira, o Federal Reserve (Fed), o BC dos Estados Unidos, d\u00ea sinais mais claros de que come\u00e7ar\u00e1 a elevar a taxa de juros na maior economia do planeta. Apesar de a autoridade monet\u00e1ria norte-americana vir indicando que ser\u00e1 muito criteriosa ao decidir pelo arrocho, os indicadores econ\u00f4micos apontam para recupera\u00e7\u00e3o consistente da atividade. \u201cEsse ser\u00e1 mais um combust\u00edvel para o BC brasileiro, que vem refor\u00e7ando sua posi\u00e7\u00e3o mais linha-dura\u201d, assinala. <\/p>\n<p>Dentro do governo, o clima \u00e9 de apreens\u00e3o, uma vez que a infla\u00e7\u00e3o persistentemente elevada destr\u00f3i qualquer possibilidade de a economia se recuperar ainda no fim deste ano, como vem pregando o ministro da Fazenda, Joaquim Levy. O risco, com a carestia rodando pr\u00f3xima de 9%, \u00e9 de o n\u00edvel de atividade despencar. <\/p>\n<p>A confian\u00e7a dos consumidores j\u00e1 est\u00e1 no ch\u00e3o diante da disparada do desemprego, que caminha para 10%, segundo a Pnad Cont\u00ednua. Muitas fam\u00edlias cortaram em at\u00e9 40% os gastos mensais nos supermercados e nas lojas para acomodar a alta das tarifas p\u00fablicas no or\u00e7amento dom\u00e9stico. Nesse contexto, n\u00e3o h\u00e1 como a ind\u00fastria ampliar a produ\u00e7\u00e3o. As empresas, por sinal, est\u00e3o sofrendo com o encalhe de estoques. F\u00e1bricas est\u00e3o sendo fechadas e as f\u00e9rias coletivas se multiplicam. <\/p>\n<p>De nada adianta o governo insistir em discursos positivos, incentivar o consumo, pois quem vive da renda do trabalho sabe que as coisas est\u00e3o ruins e v\u00e3o piorar muito. O que mais irrita os consumidores \u00e9 que eles sabem exatamente de quem \u00e9 a culpa: da presidente Dilma Rousseff, que, no primeiro mandato, optou por experimentalismos na economia que levaram ao desastre. Arrumar a casa custar\u00e1 muito caro e levar\u00e1 tempo. A fatura, como sempre, ser\u00e1 paga pelo lado mais fraco, a popula\u00e7\u00e3o. <\/p>\n<p>Uni\u00e3o de for\u00e7as <\/p>\n<p>\u00bb Entidades empresariais de 20 pa\u00edses da Am\u00e9rica Latina, mais Espanha e Portugal, fundaram, ontem, em Madri, o Conselho de Empres\u00e1rios Ibero-americanos (Ceib). O colegiado representar\u00e1 o setor produtivo nas c\u00fapulas ibero-americanas de chefes de Estado, que ocorrem a cada dois anos, e coordenar\u00e1 posi\u00e7\u00f5es nas rela\u00e7\u00f5es com a Uni\u00e3o Europeia. <\/p>\n<p>Ambiente de neg\u00f3cios <\/p>\n<p>\u00bb O Ceib tamb\u00e9m trabalhar\u00e1 para identificar barreiras ao com\u00e9rcio e desenvolver\u00e1 propostas para aprimorar o ambiente de neg\u00f3cios nos pa\u00edses. \u201c\u00c9 preciso agregar valor aos fatores de competitividade comuns aos empres\u00e1rios ibero-americanos, para que possamos contribuir melhor com o desenvolvimento econ\u00f4mico e social dos nossos pa\u00edses\u201d, diz Alexandre Furlan, vice-presidente da Organiza\u00e7\u00e3o Internacional de Empregadores (OIE) para a Am\u00e9rica Latina. <\/p>\n<p>Baixo carbono <\/p>\n<p>\u00bb O coordenador do Centro de Agroneg\u00f3cios da Funda\u00e7\u00e3o Getulio Vargas (FGV), Roberto Rodrigues, entrega, na pr\u00f3xima ter\u00e7a-feira, o documento Propostas para revis\u00e3o do Plano Agricultura de Baixo Carbono para a ministra a Agricultura, K\u00e1tia Abreu. Elaborado pelo Observat\u00f3rio ABC, o texto prop\u00f5e a implanta\u00e7\u00e3o de sistema de monitoramento das emiss\u00f5es de carbono e a capacita\u00e7\u00e3o de t\u00e9cnicos e produtores rurais. <\/p>\n<p>Bras\u00edlia sobre duas rodas <\/p>\n<p>\u00bb As Casas Bahia registraram aumento de 20% nas vendas de bicicletas no 1\u00ba trimestre de 2015 ante o mesmo per\u00edodo do ano passado, ao apostar em modelos com design mais arrojado e melhor desempenho. Bras\u00edlia superou a m\u00e9dia nacional, com alta de 31%. <\/p>\n<p>Bras\u00edlia, 10h10min   <\/p>\n","protected":false},"excerpt":{"rendered":"<p>O tormento da infla\u00e7\u00e3o est\u00e1 longe de dar o al\u00edvio que, desesperadamente, o governo espera. Na pr\u00f3xima sexta-feira, o Instituto Brasileiro de Geografia e Estat\u00edstica (IBGE) apresentar\u00e1 mais uma prova de que a carestia continua latente, e fazendo estrago no or\u00e7amento das fam\u00edlias, a despeito de todo o arrocho monet\u00e1rio promovido pelo Banco Central. Pelas [&hellip;]<\/p>\n","protected":false},"author":22,"featured_media":0,"comment_status":"open","ping_status":"open","sticky":false,"template":"","format":"standard","meta":{"wpb_read_more":[],"footnotes":""},"categories":[1],"tags":[],"class_list":["post-108","post","type-post","status-publish","format-standard","hentry","category-sem-categoria"],"_links":{"self":[{"href":"https:\/\/blogs2.correiobraziliense.com.br\/vicente\/wp-json\/wp\/v2\/posts\/108","targetHints":{"allow":["GET"]}}],"collection":[{"href":"https:\/\/blogs2.correiobraziliense.com.br\/vicente\/wp-json\/wp\/v2\/posts"}],"about":[{"href":"https:\/\/blogs2.correiobraziliense.com.br\/vicente\/wp-json\/wp\/v2\/types\/post"}],"author":[{"embeddable":true,"href":"https:\/\/blogs2.correiobraziliense.com.br\/vicente\/wp-json\/wp\/v2\/users\/22"}],"replies":[{"embeddable":true,"href":"https:\/\/blogs2.correiobraziliense.com.br\/vicente\/wp-json\/wp\/v2\/comments?post=108"}],"version-history":[{"count":0,"href":"https:\/\/blogs2.correiobraziliense.com.br\/vicente\/wp-json\/wp\/v2\/posts\/108\/revisions"}],"wp:attachment":[{"href":"https:\/\/blogs2.correiobraziliense.com.br\/vicente\/wp-json\/wp\/v2\/media?parent=108"}],"wp:term":[{"taxonomy":"category","embeddable":true,"href":"https:\/\/blogs2.correiobraziliense.com.br\/vicente\/wp-json\/wp\/v2\/categories?post=108"},{"taxonomy":"post_tag","embeddable":true,"href":"https:\/\/blogs2.correiobraziliense.com.br\/vicente\/wp-json\/wp\/v2\/tags?post=108"}],"curies":[{"name":"wp","href":"https:\/\/api.w.org\/{rel}","templated":true}]}}