{"id":10801,"date":"2019-05-24T17:29:55","date_gmt":"2019-05-24T20:29:55","guid":{"rendered":"https:\/\/blogs2.correiobraziliense.com.br\/vicente\/?p=10801"},"modified":"2019-05-24T18:38:31","modified_gmt":"2019-05-24T21:38:31","slug":"fmi-faz-alerta-sobre-crise-politica-e-sinaliza-novo-corte-nas-previsoes-do-brasil","status":"publish","type":"post","link":"https:\/\/blogs2.correiobraziliense.com.br\/vicente\/fmi-faz-alerta-sobre-crise-politica-e-sinaliza-novo-corte-nas-previsoes-do-brasil\/","title":{"rendered":"FMI faz alerta sobre crise pol\u00edtica e sinaliza novo corte nas previs\u00f5es do Brasil"},"content":{"rendered":"<h2>ROSANA HESSEL<\/h2>\n<h2><\/h2>\n<h2>O Fundo Monet\u00e1rio Internacional (FMI) soltou um relat\u00f3rio nesta sexta-feira (24\/05) fazendo um alerta para o risco de baixo crescimento da economia brasileira. O documento sinalizou que o \u00f3rg\u00e3o dever\u00e1 realizar um novo corte nas proje\u00e7\u00f5es de crescimento do Produto Interno Bruto (PIB) do Brasil para algo entre 1% e 1,5% &#8220;ou menos&#8221;. O Fundo\u00a0demonstrou preocupa\u00e7\u00e3o com a crise dom\u00e9stica e sugeriu uma &#8220;a\u00e7\u00e3o pol\u00edtica decisiva&#8221; para evitar uma desacelera\u00e7\u00e3o na economia.<\/h2>\n<p>&nbsp;<\/p>\n<p>\u201cO investimento permanece moderado, retido pela grande capacidade ociosa e a persistente incerteza sobre as perspectivas de reformas fiscais e estruturais. Fraco crescimento global e a recess\u00e3o na Argentina est\u00e3o atrasando as exporta\u00e7\u00f5es. O crescimento em 2019 \u00e9 projetado entre 1 e 1,5%, com riscos significativos de queda\u201d, destacou o documento.\u00a0Atualmente, a previs\u00e3o de expans\u00e3o do PIB brasileiro deste ano \u00e9 otimista, de 2,1%, bem acima do projetado pelo governo, de 1,6%, revisado nesta semana pela segunda vez no ano. O Fundo costuma revisar suas estimativas a cada tr\u00eas meses e, na \u00faltima, em abril, reduziu de 2,5% para 2,1%.<\/p>\n<p>&nbsp;<\/p>\n<p>\u201cUma lenta recupera\u00e7\u00e3o est\u00e1 em andamento, limitada pela demanda agregada moderada e baixa produtividade. Uma reforma robusta da seguridade social e medidas fiscais adicionais s\u00e3o necess\u00e1rias para colocar a d\u00edvida p\u00fablica em uma trajet\u00f3ria sustent\u00e1vel, aumentando, assim, a confian\u00e7a do investidor\u201d, escreveram os t\u00e9cnicos do FMI no relat\u00f3rio que indica que haver\u00e1 uma reavalia\u00e7\u00e3o dos dados do pa\u00eds.\u00a0\u00a0O Fundo ainda refor\u00e7ou o alerta para o crescimento da d\u00edvida p\u00fablica bruta em 88% do PIB, &#8220;uma das maiores entre os mercados emergentes&#8221;, devendo atingir o pico em 2024, dependendo da administra\u00e7\u00e3o fiscal.<\/p>\n<p>&nbsp;<\/p>\n<p><strong>Miss\u00e3o<\/strong><\/p>\n<p>&nbsp;<\/p>\n<p>Esse diagn\u00f3stico \u00e9 resultado da avalia\u00e7\u00e3o da miss\u00e3o de t\u00e9cnicos do organismo multilateral ao Brasil realizada entre os dias 13 a 17 de maio.\u00a0\u00a0O documento do FMI destacou que, depois de encolher 7% entre 2015 e 2016, e \u201cde crescer apenas\u201d 1,1% entre 2017 e 2018, \u201cos indicadores de curto prazo mostram que a fraqueza persistiu no primeiro trimestre\u201d.\u00a0 &#8220;O<span style=\"font-weight: 400\">\u00a0crescimento historicamente baixo, a alta d\u00edvida p\u00fablica e a desigualdade generalizada exigem uma agenda de reformas arrojada&#8221;, refor\u00e7ou o Fundo lembrando que, desde 1980, o crescimento m\u00e9dio da economia brasileira tem sido de 2,5%, &#8220;bem abaixo de seus pares&#8221;.<\/span><\/p>\n<p>&nbsp;<\/p>\n<p>Na avalia\u00e7\u00e3o dos t\u00e9cnicos do Fundo, a crise interna pode inviabilizar a recupera\u00e7\u00e3o da economia e eles recomendam uma \u201ca\u00e7\u00e3o pol\u00edtica decisiva\u201d. \u201cO principal risco dom\u00e9stico \u00e9 a incapacidade de aprovar uma reforma previdenci\u00e1ria robusta. Al\u00e9m disso, outras medidas fiscais s\u00e3o necess\u00e1rias para cumprir o teto de despesas e colocar a d\u00edvida em uma trajet\u00f3ria sustent\u00e1vel\u201d, alertou. \u201cA falta de consolida\u00e7\u00e3o fiscal pode minar a confian\u00e7a e impedir o investimento. Os riscos externos incluem o aprofundamento da recess\u00e3o na Argentina e as tens\u00f5es comerciais globais\u201d, completou.<\/p>\n<p>&nbsp;<\/p>\n<p>&#8220;A reforma da Previd\u00eancia \u00e9 o passo crucial. A proposta ambiciosa de reforma previdenci\u00e1ria, que est\u00e1 sendo analisada pelo Congresso, estabilizaria os gastos com aposentadorias na pr\u00f3xima d\u00e9cada e tornaria o sistema mais eq\u00fcitativo. Para entregar o ajuste fiscal necess\u00e1rio, o Congresso deve preservar o aumento proposto nas idades de aposentadoria e diminuir os benef\u00edcios relativamente altos, particularmente para funcion\u00e1rios p\u00fablicos&#8221;, recomendou o relat\u00f3rio.<\/p>\n<p>&nbsp;<\/p>\n<p>A expectativa do Fundo \u00e9 que, com a aprova\u00e7\u00e3o de uma reforma da Previd\u00eancia robusta e condi\u00e7\u00f5es financeiras favor\u00e1veis, \u201cespera-se que o crescimento acelere em 2020, apoiado por uma recupera\u00e7\u00e3o do investimento privado\u201d. Entre as recomenda\u00e7\u00f5es do Fundo, est\u00e3o medidas para melhorar a supervis\u00e3o do setor banc\u00e1rio.<\/p>\n<p>&nbsp;<\/p>\n","protected":false},"excerpt":{"rendered":"<p>ROSANA HESSEL O Fundo Monet\u00e1rio Internacional (FMI) soltou um relat\u00f3rio nesta sexta-feira (24\/05) fazendo um alerta para o risco de baixo crescimento da economia brasileira. O documento sinalizou que o \u00f3rg\u00e3o dever\u00e1 realizar um novo corte nas proje\u00e7\u00f5es de crescimento do Produto Interno Bruto (PIB) do Brasil para algo entre 1% e 1,5% &#8220;ou menos&#8221;. [&hellip;]<\/p>\n","protected":false},"author":22,"featured_media":0,"comment_status":"open","ping_status":"closed","sticky":false,"template":"","format":"standard","meta":{"wpb_read_more":[],"footnotes":""},"categories":[600],"tags":[589,2250,58],"class_list":["post-10801","post","type-post","status-publish","format-standard","hentry","category-economia","tag-economia","tag-fmi","tag-pib"],"_links":{"self":[{"href":"https:\/\/blogs2.correiobraziliense.com.br\/vicente\/wp-json\/wp\/v2\/posts\/10801","targetHints":{"allow":["GET"]}}],"collection":[{"href":"https:\/\/blogs2.correiobraziliense.com.br\/vicente\/wp-json\/wp\/v2\/posts"}],"about":[{"href":"https:\/\/blogs2.correiobraziliense.com.br\/vicente\/wp-json\/wp\/v2\/types\/post"}],"author":[{"embeddable":true,"href":"https:\/\/blogs2.correiobraziliense.com.br\/vicente\/wp-json\/wp\/v2\/users\/22"}],"replies":[{"embeddable":true,"href":"https:\/\/blogs2.correiobraziliense.com.br\/vicente\/wp-json\/wp\/v2\/comments?post=10801"}],"version-history":[{"count":4,"href":"https:\/\/blogs2.correiobraziliense.com.br\/vicente\/wp-json\/wp\/v2\/posts\/10801\/revisions"}],"predecessor-version":[{"id":10805,"href":"https:\/\/blogs2.correiobraziliense.com.br\/vicente\/wp-json\/wp\/v2\/posts\/10801\/revisions\/10805"}],"wp:attachment":[{"href":"https:\/\/blogs2.correiobraziliense.com.br\/vicente\/wp-json\/wp\/v2\/media?parent=10801"}],"wp:term":[{"taxonomy":"category","embeddable":true,"href":"https:\/\/blogs2.correiobraziliense.com.br\/vicente\/wp-json\/wp\/v2\/categories?post=10801"},{"taxonomy":"post_tag","embeddable":true,"href":"https:\/\/blogs2.correiobraziliense.com.br\/vicente\/wp-json\/wp\/v2\/tags?post=10801"}],"curies":[{"name":"wp","href":"https:\/\/api.w.org\/{rel}","templated":true}]}}