{"id":1083,"date":"2016-05-22T23:14:08","date_gmt":"2016-05-23T02:14:08","guid":{"rendered":"https:\/\/blogs2.correiobraziliense.com.br\/vicente\/?p=1083"},"modified":"2016-05-23T13:04:02","modified_gmt":"2016-05-23T16:04:02","slug":"no-twitter-presidente-do-serpro-chama-governo-temer-de-golpista-e-diz-que-ninguem-teve-coragem-de-exonera-lo","status":"publish","type":"post","link":"https:\/\/blogs2.correiobraziliense.com.br\/vicente\/no-twitter-presidente-do-serpro-chama-governo-temer-de-golpista-e-diz-que-ninguem-teve-coragem-de-exonera-lo\/","title":{"rendered":"No Twitter, presidente do Serpro chama governo Temer de &#8220;golpista&#8221; e de &#8220;canalha&#8221; e diz que ningu\u00e9m teve coragem de exoner\u00e1-lo"},"content":{"rendered":"<p>POR ANTONIO TEM\u00d3TEO<\/p>\n<p>&nbsp;<\/p>\n<p>Alvo das trocas que o presidente interino, Michel Temer, far\u00e1 no comando das estatais federais, Marcos Mazoni, presidente do Serpro, usou o Twitter para atacar o governo, o qual chamou de &#8220;golpista&#8221; e de &#8220;canalha&#8221;. Nas mensagens, ele diz: &#8220;Estou preocupado&#8230; Ainda n\u00e3o fui exonerado deste governo de canalhas&#8221; e &#8220;Nenhum dos golpistas teve coragem de falar comigo&#8230; S\u00e3o golpistas e sem coragem. Vergonha do que fazem&#8221;.<\/p>\n<p>&nbsp;<\/p>\n<p>As ofensas de Mazoni (veja a reprodu\u00e7\u00e3o das mensagens abaixo) causaram como\u00e7\u00e3o entre os funcion\u00e1rios do Serpro, empresa vinculada ao Minist\u00e9rio da Fazenda. Ele pode ser exonerado pelo ministro Henrique Meirelles. Petista de carteirinha, Mazoni administra uma estatal esfacelada, apesar de seu papel estrat\u00e9gico para o governo. Ela \u00e9 respons\u00e1vel por todo o sistema eletr\u00f4nico da Receitas Federal.<\/p>\n<p>&nbsp;<\/p>\n<p><a href=\"https:\/\/blogs2.correiobraziliense.com.br\/vicente\/wp-content\/uploads\/sites\/16\/2016\/05\/SerproPresidente.jpg\" rel=\"attachment wp-att-1084\"><img loading=\"lazy\" decoding=\"async\" class=\"alignnone wp-image-1084\" src=\"https:\/\/blogs2.correiobraziliense.com.br\/vicente\/wp-content\/uploads\/sites\/16\/2016\/05\/SerproPresidente-169x300.jpg\" alt=\"SerproPresidente\" width=\"318\" height=\"565\" srcset=\"https:\/\/blogs2.correiobraziliense.com.br\/vicente\/wp-content\/uploads\/sites\/16\/2016\/05\/SerproPresidente-169x300.jpg 169w, https:\/\/blogs2.correiobraziliense.com.br\/vicente\/wp-content\/uploads\/sites\/16\/2016\/05\/SerproPresidente-575x1024.jpg 575w, https:\/\/blogs2.correiobraziliense.com.br\/vicente\/wp-content\/uploads\/sites\/16\/2016\/05\/SerproPresidente-197x350.jpg 197w, https:\/\/blogs2.correiobraziliense.com.br\/vicente\/wp-content\/uploads\/sites\/16\/2016\/05\/SerproPresidente-550x979.jpg 550w, https:\/\/blogs2.correiobraziliense.com.br\/vicente\/wp-content\/uploads\/sites\/16\/2016\/05\/SerproPresidente-230x409.jpg 230w, https:\/\/blogs2.correiobraziliense.com.br\/vicente\/wp-content\/uploads\/sites\/16\/2016\/05\/SerproPresidente.jpg 719w\" sizes=\"auto, (max-width: 318px) 100vw, 318px\" \/><\/a><\/p>\n<p>&nbsp;<\/p>\n<p><em>Bras\u00edlia, 23h12min<\/em><\/p>\n","protected":false},"excerpt":{"rendered":"<p>POR ANTONIO TEM\u00d3TEO &nbsp; Alvo das trocas que o presidente interino, Michel Temer, far\u00e1 no comando das estatais federais, Marcos Mazoni, presidente do Serpro, usou o Twitter para atacar o governo, o qual chamou de &#8220;golpista&#8221; e de &#8220;canalha&#8221;. Nas mensagens, ele diz: &#8220;Estou preocupado&#8230; Ainda n\u00e3o fui exonerado deste governo de canalhas&#8221; e &#8220;Nenhum [&hellip;]<\/p>\n","protected":false},"author":22,"featured_media":0,"comment_status":"open","ping_status":"closed","sticky":false,"template":"","format":"standard","meta":{"wpb_read_more":[],"footnotes":""},"categories":[1],"tags":[],"class_list":["post-1083","post","type-post","status-publish","format-standard","hentry","category-sem-categoria"],"_links":{"self":[{"href":"https:\/\/blogs2.correiobraziliense.com.br\/vicente\/wp-json\/wp\/v2\/posts\/1083","targetHints":{"allow":["GET"]}}],"collection":[{"href":"https:\/\/blogs2.correiobraziliense.com.br\/vicente\/wp-json\/wp\/v2\/posts"}],"about":[{"href":"https:\/\/blogs2.correiobraziliense.com.br\/vicente\/wp-json\/wp\/v2\/types\/post"}],"author":[{"embeddable":true,"href":"https:\/\/blogs2.correiobraziliense.com.br\/vicente\/wp-json\/wp\/v2\/users\/22"}],"replies":[{"embeddable":true,"href":"https:\/\/blogs2.correiobraziliense.com.br\/vicente\/wp-json\/wp\/v2\/comments?post=1083"}],"version-history":[{"count":3,"href":"https:\/\/blogs2.correiobraziliense.com.br\/vicente\/wp-json\/wp\/v2\/posts\/1083\/revisions"}],"predecessor-version":[{"id":1091,"href":"https:\/\/blogs2.correiobraziliense.com.br\/vicente\/wp-json\/wp\/v2\/posts\/1083\/revisions\/1091"}],"wp:attachment":[{"href":"https:\/\/blogs2.correiobraziliense.com.br\/vicente\/wp-json\/wp\/v2\/media?parent=1083"}],"wp:term":[{"taxonomy":"category","embeddable":true,"href":"https:\/\/blogs2.correiobraziliense.com.br\/vicente\/wp-json\/wp\/v2\/categories?post=1083"},{"taxonomy":"post_tag","embeddable":true,"href":"https:\/\/blogs2.correiobraziliense.com.br\/vicente\/wp-json\/wp\/v2\/tags?post=1083"}],"curies":[{"name":"wp","href":"https:\/\/api.w.org\/{rel}","templated":true}]}}