{"id":1086,"date":"2016-05-23T07:25:30","date_gmt":"2016-05-23T10:25:30","guid":{"rendered":"https:\/\/blogs2.correiobraziliense.com.br\/vicente\/?p=1086"},"modified":"2016-05-23T08:32:38","modified_gmt":"2016-05-23T11:32:38","slug":"marcos-mazoni-e-exonerado-do-serpro","status":"publish","type":"post","link":"https:\/\/blogs2.correiobraziliense.com.br\/vicente\/marcos-mazoni-e-exonerado-do-serpro\/","title":{"rendered":"Marcos Mazoni \u00e9 exonerado do Serpro"},"content":{"rendered":"<p>Agora est\u00e1 explicada a bravata de Marcos Mazoni no Twitter neste fim de semana. Ele sabia que seria exonerado hoje da presid\u00eancia do Serpro, a estatal respons\u00e1vel pelo sistema eletr\u00f4nico do governo. A demiss\u00e3o dele foi publicada no Di\u00e1rio Oficial da Uni\u00e3o. Ser\u00e1 substitu\u00eddo por Gl\u00f3ria Guimar\u00e3es, que j\u00e1 havia ocupado uma diretoria da empresa.<\/p>\n<p>&nbsp;<\/p>\n<p>No fim de semana, como mostrou o Blog, Mazoni chamou o governo de Michel Temer de &#8220;golpista&#8221; e de &#8220;canalha&#8221;. E bradava porque &#8220;os covardes&#8221; ainda n\u00e3o o haviam exonerado. Tentou posar de her\u00f3i para a milit\u00e2ncia petista.<\/p>\n<p>&nbsp;<\/p>\n<p>Brad\u00edlia, 07h25min<\/p>\n","protected":false},"excerpt":{"rendered":"<p>Agora est\u00e1 explicada a bravata de Marcos Mazoni no Twitter neste fim de semana. Ele sabia que seria exonerado hoje da presid\u00eancia do Serpro, a estatal respons\u00e1vel pelo sistema eletr\u00f4nico do governo. A demiss\u00e3o dele foi publicada no Di\u00e1rio Oficial da Uni\u00e3o. Ser\u00e1 substitu\u00eddo por Gl\u00f3ria Guimar\u00e3es, que j\u00e1 havia ocupado uma diretoria da empresa. [&hellip;]<\/p>\n","protected":false},"author":22,"featured_media":0,"comment_status":"open","ping_status":"closed","sticky":false,"template":"","format":"standard","meta":{"wpb_read_more":[],"footnotes":""},"categories":[1],"tags":[],"class_list":["post-1086","post","type-post","status-publish","format-standard","hentry","category-sem-categoria"],"_links":{"self":[{"href":"https:\/\/blogs2.correiobraziliense.com.br\/vicente\/wp-json\/wp\/v2\/posts\/1086","targetHints":{"allow":["GET"]}}],"collection":[{"href":"https:\/\/blogs2.correiobraziliense.com.br\/vicente\/wp-json\/wp\/v2\/posts"}],"about":[{"href":"https:\/\/blogs2.correiobraziliense.com.br\/vicente\/wp-json\/wp\/v2\/types\/post"}],"author":[{"embeddable":true,"href":"https:\/\/blogs2.correiobraziliense.com.br\/vicente\/wp-json\/wp\/v2\/users\/22"}],"replies":[{"embeddable":true,"href":"https:\/\/blogs2.correiobraziliense.com.br\/vicente\/wp-json\/wp\/v2\/comments?post=1086"}],"version-history":[{"count":1,"href":"https:\/\/blogs2.correiobraziliense.com.br\/vicente\/wp-json\/wp\/v2\/posts\/1086\/revisions"}],"predecessor-version":[{"id":1087,"href":"https:\/\/blogs2.correiobraziliense.com.br\/vicente\/wp-json\/wp\/v2\/posts\/1086\/revisions\/1087"}],"wp:attachment":[{"href":"https:\/\/blogs2.correiobraziliense.com.br\/vicente\/wp-json\/wp\/v2\/media?parent=1086"}],"wp:term":[{"taxonomy":"category","embeddable":true,"href":"https:\/\/blogs2.correiobraziliense.com.br\/vicente\/wp-json\/wp\/v2\/categories?post=1086"},{"taxonomy":"post_tag","embeddable":true,"href":"https:\/\/blogs2.correiobraziliense.com.br\/vicente\/wp-json\/wp\/v2\/tags?post=1086"}],"curies":[{"name":"wp","href":"https:\/\/api.w.org\/{rel}","templated":true}]}}