{"id":10863,"date":"2019-05-30T12:36:42","date_gmt":"2019-05-30T15:36:42","guid":{"rendered":"https:\/\/blogs2.correiobraziliense.com.br\/vicente\/?p=10863"},"modified":"2019-05-30T13:18:22","modified_gmt":"2019-05-30T16:18:22","slug":"brasil-e-vitima-de-politicas-equivocadas-dos-ultimos-anos-diz-sachsida","status":"publish","type":"post","link":"https:\/\/blogs2.correiobraziliense.com.br\/vicente\/brasil-e-vitima-de-politicas-equivocadas-dos-ultimos-anos-diz-sachsida\/","title":{"rendered":"Brasil \u00e9 v\u00edtima de pol\u00edticas equivocadas dos \u00faltimos anos, diz Sachsida"},"content":{"rendered":"<h2>O secret\u00e1rio de Pol\u00edtica Econ\u00f4mica do Minist\u00e9rio da Economia, Adolfo Sachsida, diz que o Brasil est\u00e1 pagando o pre\u00e7o das pol\u00edticas equivocadas adotadas pelos governos dos \u00faltimos anos. Por isso, as dificuldades de rea\u00e7\u00e3o da economia. Dados do Instituto Brasileiro de Geografia e Estat\u00edstica (IBGE) mostram que o Produto Interno Bruto (PIB) caiu 0,2% ante os \u00faltimos tr\u00eas meses de 2018.<\/h2>\n<p>&nbsp;<\/p>\n<p><a href=\"https:\/\/blogs2.correiobraziliense.com.br\/vicente\/wp-content\/uploads\/sites\/16\/2019\/05\/adolfosachsida.jpg\"><img loading=\"lazy\" decoding=\"async\" class=\"wp-image-10866 alignleft\" src=\"https:\/\/blogs2.correiobraziliense.com.br\/vicente\/wp-content\/uploads\/sites\/16\/2019\/05\/adolfosachsida.jpg\" alt=\"\" width=\"551\" height=\"409\" srcset=\"https:\/\/blogs2.correiobraziliense.com.br\/vicente\/wp-content\/uploads\/sites\/16\/2019\/05\/adolfosachsida.jpg 868w, https:\/\/blogs2.correiobraziliense.com.br\/vicente\/wp-content\/uploads\/sites\/16\/2019\/05\/adolfosachsida-300x223.jpg 300w, https:\/\/blogs2.correiobraziliense.com.br\/vicente\/wp-content\/uploads\/sites\/16\/2019\/05\/adolfosachsida-768x570.jpg 768w, https:\/\/blogs2.correiobraziliense.com.br\/vicente\/wp-content\/uploads\/sites\/16\/2019\/05\/adolfosachsida-350x260.jpg 350w, https:\/\/blogs2.correiobraziliense.com.br\/vicente\/wp-content\/uploads\/sites\/16\/2019\/05\/adolfosachsida-550x408.jpg 550w, https:\/\/blogs2.correiobraziliense.com.br\/vicente\/wp-content\/uploads\/sites\/16\/2019\/05\/adolfosachsida-230x171.jpg 230w\" sizes=\"auto, (max-width: 551px) 100vw, 551px\" \/><\/a><\/p>\n<p>&#8220;Tal resultado deixa claro que a economia brasileira se depara com importantes desafios&#8221;, frisa o secret\u00e1rio. Segundo ele, o pa\u00eds se encontra em um ambiente de crise fiscal, desemprego elevado e produtividade estagnada, resultados perversos de pol\u00edticas equivocadas adotadas na \u00faltima d\u00e9cada.<\/p>\n<p>&nbsp;<\/p>\n<p>Ele \u00e9 enf\u00e1tico: &#8220;O problema de misallocation (m\u00e1 aloca\u00e7\u00e3o de recursos) promovido por pol\u00edticas de est\u00edmulos a setores espec\u00edficos e a deteriora\u00e7\u00e3o das contas p\u00fablicas resultaram no aumento da incerteza econ\u00f4mica, na queda da produtividade e dos investimentos e no aumento do desemprego na presente d\u00e9cada&#8221;.<\/p>\n<p>&nbsp;<\/p>\n<p>Para Sachsida, o quadro atual ainda \u00e9 resultado desse ambiente constru\u00eddo por muitos anos, e sua revers\u00e3o requer elevado esfor\u00e7o por parte do governo e da sociedade brasileira. Ele diz ainda que, al\u00e9m das restri\u00e7\u00f5es de car\u00e1ter estrutural ao crescimento da economia brasileira, diversos choques de curto prazo se refletiram negativamente no resultado do PIB no primeiro trimestre.<\/p>\n<p>&nbsp;<\/p>\n<p>&#8220;O ambiente externo caracterizou-se por incertezas e crescimento relativamente lento, reduzindo o potencial tanto do com\u00e9rcio exterior quanto dos fluxos de investimentos. Com isso, projetos foram adiados e a recupera\u00e7\u00e3o da economia revelou-se mais lenta do que o esperado no in\u00edcio do ano&#8221;, diz.<\/p>\n<p>&nbsp;<\/p>\n<p><strong>Efeito de Brumadinho<\/strong><\/p>\n<p>&nbsp;<\/p>\n<p>Na avalia\u00e7\u00e3o do secret\u00e1rio, a\u00a0agropecu\u00e1ria teve reflexos de intemp\u00e9ries clim\u00e1ticas no in\u00edcio do ano. &#8220;Todavia, as estimativas mais recentes apontam para recupera\u00e7\u00e3o da safra ao longo do ano, o que dever\u00e1 contribuir para a retomada do PIB do setor agropecu\u00e1rio&#8221;, afirma.<\/p>\n<p>&nbsp;<\/p>\n<p>No caso da ind\u00fastria, acrescenta Sachsida, houve impacto da trag\u00e9dia de Brumadinho com reflexos na produ\u00e7\u00e3o extrativa mineral. &#8220;Para a ind\u00fastria de transforma\u00e7\u00e3o, a crise na Argentina gerou reflexos nas exporta\u00e7\u00f5es brasileiras de manufaturados. Constata-se desempenho positivo do com\u00e9rcio no 1\u00ba trimestre de .2019, gerando carry over (efeito carregamento) de 2% para o ano de 2019, o que contribuir\u00e1 para o resultado do PIB de servi\u00e7os&#8221;, acrescenta.<\/p>\n<p>&nbsp;<\/p>\n<p>Segundo o secret\u00e1rio, para recuperar o crescimento, o Brasil tem dois desafios principais: quadro fiscal deteriorado e baixa produtividade. &#8220;A Nova Previd\u00eancia representa o primeiro e crucial passo rumo \u00e0 sustentabilidade das finan\u00e7as p\u00fablicas, reduzindo incertezas quanto ao quadro macroecon\u00f4mico futuro para que possa haver novos investimentos&#8221;.<\/p>\n<p>&nbsp;<\/p>\n<p>Ele afirma que, com o intuito de elevar a produtividade do pa\u00eds, um amplo conjunto de pol\u00edticas pr\u00f3-mercado est\u00e1 em elabora\u00e7\u00e3o ou implementa\u00e7\u00e3o pelo governo com o objetivo de reduzir inefici\u00eancias alocativas e gerar diminui\u00e7\u00e3o de custos no setor produtivo.<\/p>\n<p>&nbsp;<\/p>\n<p>&#8220;Dentre essas medidas, destacam-se a reforma tribut\u00e1ria, a abertura comercial, o aperfei\u00e7oamento do mercado financeiro e de capitais, os programas de concess\u00e3o e a privatiza\u00e7\u00e3o na \u00e1rea de infraestrutura, o choque de energia barata, o combate \u00e0 corrup\u00e7\u00e3o e aos desperd\u00edcios no setor p\u00fablico e a elimina\u00e7\u00e3o de gastos tribut\u00e1rios e subs\u00eddios financeiros e credit\u00edcios ineficientes&#8221;, ressalta.<\/p>\n<p>&nbsp;<\/p>\n<p><em>Bras\u00edlia, 12h36min<\/em><\/p>\n","protected":false},"excerpt":{"rendered":"<p>O secret\u00e1rio de Pol\u00edtica Econ\u00f4mica do Minist\u00e9rio da Economia, Adolfo Sachsida, diz que o Brasil est\u00e1 pagando o pre\u00e7o das pol\u00edticas equivocadas adotadas pelos governos dos \u00faltimos anos. Por isso, as dificuldades de rea\u00e7\u00e3o da economia. Dados do Instituto Brasileiro de Geografia e Estat\u00edstica (IBGE) mostram que o Produto Interno Bruto (PIB) caiu 0,2% ante [&hellip;]<\/p>\n","protected":false},"author":22,"featured_media":0,"comment_status":"open","ping_status":"closed","sticky":false,"template":"","format":"standard","meta":{"wpb_read_more":[],"footnotes":""},"categories":[600],"tags":[2858,378,58,3895,2880,3894],"class_list":["post-10863","post","type-post","status-publish","format-standard","hentry","category-economia","tag-adolfo-sachsida","tag-brasil","tag-pib","tag-politicas-equivocadas","tag-secretario","tag-spe"],"_links":{"self":[{"href":"https:\/\/blogs2.correiobraziliense.com.br\/vicente\/wp-json\/wp\/v2\/posts\/10863","targetHints":{"allow":["GET"]}}],"collection":[{"href":"https:\/\/blogs2.correiobraziliense.com.br\/vicente\/wp-json\/wp\/v2\/posts"}],"about":[{"href":"https:\/\/blogs2.correiobraziliense.com.br\/vicente\/wp-json\/wp\/v2\/types\/post"}],"author":[{"embeddable":true,"href":"https:\/\/blogs2.correiobraziliense.com.br\/vicente\/wp-json\/wp\/v2\/users\/22"}],"replies":[{"embeddable":true,"href":"https:\/\/blogs2.correiobraziliense.com.br\/vicente\/wp-json\/wp\/v2\/comments?post=10863"}],"version-history":[{"count":3,"href":"https:\/\/blogs2.correiobraziliense.com.br\/vicente\/wp-json\/wp\/v2\/posts\/10863\/revisions"}],"predecessor-version":[{"id":10867,"href":"https:\/\/blogs2.correiobraziliense.com.br\/vicente\/wp-json\/wp\/v2\/posts\/10863\/revisions\/10867"}],"wp:attachment":[{"href":"https:\/\/blogs2.correiobraziliense.com.br\/vicente\/wp-json\/wp\/v2\/media?parent=10863"}],"wp:term":[{"taxonomy":"category","embeddable":true,"href":"https:\/\/blogs2.correiobraziliense.com.br\/vicente\/wp-json\/wp\/v2\/categories?post=10863"},{"taxonomy":"post_tag","embeddable":true,"href":"https:\/\/blogs2.correiobraziliense.com.br\/vicente\/wp-json\/wp\/v2\/tags?post=10863"}],"curies":[{"name":"wp","href":"https:\/\/api.w.org\/{rel}","templated":true}]}}