{"id":1089,"date":"2016-05-23T12:04:11","date_gmt":"2016-05-23T15:04:11","guid":{"rendered":"https:\/\/blogs2.correiobraziliense.com.br\/vicente\/?p=1089"},"modified":"2016-05-23T12:04:11","modified_gmt":"2016-05-23T15:04:11","slug":"carros-mais-caros-apesar-da-queda-da-producao","status":"publish","type":"post","link":"https:\/\/blogs2.correiobraziliense.com.br\/vicente\/carros-mais-caros-apesar-da-queda-da-producao\/","title":{"rendered":"Carros mais caros, apesar da queda da produ\u00e7\u00e3o"},"content":{"rendered":"<p><strong><\/strong>\u00bb O IPCA-15, pr\u00e9via da infla\u00e7\u00e3o oficial, mostrou um dado impressionante: apesar da queda de mais de 10% da produ\u00e7\u00e3o, as montadoras continuam aumentando os pre\u00e7os dos carros. Os novos ficaram, em m\u00e9dia, 1,1% mais caros em maio.<\/p>\n<p>&nbsp;<\/p>\n<p><b>Pa\u00eds da aberra\u00e7\u00e3o<\/b><\/p>\n<p>&nbsp;<\/p>\n<p>\u00bb Os economistas n\u00e3o escondem a surpresa com a resist\u00eancia da infla\u00e7\u00e3o, que teve o pior resultado para meses de maio \u2014 alta de 0,86% \u2014 em 20 anos. Em qualquer pa\u00eds com a recess\u00e3o que estamos vivendo, o resultado seria de forte defla\u00e7\u00e3o.<\/p>\n<p>&nbsp;<\/p>\n<p>Bras\u00edlia, 12h03min<\/p>\n","protected":false},"excerpt":{"rendered":"<p>\u00bb O IPCA-15, pr\u00e9via da infla\u00e7\u00e3o oficial, mostrou um dado impressionante: apesar da queda de mais de 10% da produ\u00e7\u00e3o, as montadoras continuam aumentando os pre\u00e7os dos carros. Os novos ficaram, em m\u00e9dia, 1,1% mais caros em maio. &nbsp; Pa\u00eds da aberra\u00e7\u00e3o &nbsp; \u00bb Os economistas n\u00e3o escondem a surpresa com a resist\u00eancia da infla\u00e7\u00e3o, [&hellip;]<\/p>\n","protected":false},"author":22,"featured_media":0,"comment_status":"open","ping_status":"closed","sticky":false,"template":"","format":"standard","meta":{"wpb_read_more":[],"footnotes":""},"categories":[1],"tags":[],"class_list":["post-1089","post","type-post","status-publish","format-standard","hentry","category-sem-categoria"],"_links":{"self":[{"href":"https:\/\/blogs2.correiobraziliense.com.br\/vicente\/wp-json\/wp\/v2\/posts\/1089","targetHints":{"allow":["GET"]}}],"collection":[{"href":"https:\/\/blogs2.correiobraziliense.com.br\/vicente\/wp-json\/wp\/v2\/posts"}],"about":[{"href":"https:\/\/blogs2.correiobraziliense.com.br\/vicente\/wp-json\/wp\/v2\/types\/post"}],"author":[{"embeddable":true,"href":"https:\/\/blogs2.correiobraziliense.com.br\/vicente\/wp-json\/wp\/v2\/users\/22"}],"replies":[{"embeddable":true,"href":"https:\/\/blogs2.correiobraziliense.com.br\/vicente\/wp-json\/wp\/v2\/comments?post=1089"}],"version-history":[{"count":1,"href":"https:\/\/blogs2.correiobraziliense.com.br\/vicente\/wp-json\/wp\/v2\/posts\/1089\/revisions"}],"predecessor-version":[{"id":1090,"href":"https:\/\/blogs2.correiobraziliense.com.br\/vicente\/wp-json\/wp\/v2\/posts\/1089\/revisions\/1090"}],"wp:attachment":[{"href":"https:\/\/blogs2.correiobraziliense.com.br\/vicente\/wp-json\/wp\/v2\/media?parent=1089"}],"wp:term":[{"taxonomy":"category","embeddable":true,"href":"https:\/\/blogs2.correiobraziliense.com.br\/vicente\/wp-json\/wp\/v2\/categories?post=1089"},{"taxonomy":"post_tag","embeddable":true,"href":"https:\/\/blogs2.correiobraziliense.com.br\/vicente\/wp-json\/wp\/v2\/tags?post=1089"}],"curies":[{"name":"wp","href":"https:\/\/api.w.org\/{rel}","templated":true}]}}