{"id":1092,"date":"2016-05-23T13:16:34","date_gmt":"2016-05-23T16:16:34","guid":{"rendered":"https:\/\/blogs2.correiobraziliense.com.br\/vicente\/?p=1092"},"modified":"2016-05-23T13:16:34","modified_gmt":"2016-05-23T16:16:34","slug":"e-alto-o-risco-de-o-governo-temer-fracassar-mostra-pesquisa","status":"publish","type":"post","link":"https:\/\/blogs2.correiobraziliense.com.br\/vicente\/e-alto-o-risco-de-o-governo-temer-fracassar-mostra-pesquisa\/","title":{"rendered":"\u00c9 alto o risco de o governo Temer fracassar, mostra pesquisa"},"content":{"rendered":"<p>POR PAULO SILVA PINTO<\/p>\n<p>&nbsp;<\/p>\n<p>As chances de o governo Michel Temer fracassar s\u00e3o relativamente altas, como mostra pesquisa realizada pela Consultoria Macroplan com economistas, cientistas pol\u00edticos e especialistas em gest\u00e3o p\u00fablica. Segundo o levantamento, 36% acreditam que o presidente interino n\u00e3o conseguir\u00e1 fazer as reformas necess\u00e1rias e ter\u00e1 dificuldades para estabilizar a economia, abrindo espa\u00e7o para o retorno de Dilma Rousseff ao poder. O levantamento ressalta que esse cen\u00e1rio n\u00e3o \u201c\u00e9 desprez\u00edvel\u201d.<\/p>\n<p>&nbsp;<\/p>\n<p>Para a maioria, 64%, Temer ter\u00e1 sucesso na empreitada de tirar o Brasil do atoleiro. Mas, para 48%, o sucesso ser\u00e1 parcial. Nesse cen\u00e1rio, os entrevistados acreditam que Dilma ser\u00e1 afastada definitivamente do poder, o peemedebista conseguir\u00e1 emplacar uma agenda m\u00ednima de reformas e conquistar\u00e1 a confian\u00e7a dos investidores. Mas o pa\u00eds voltar\u00e1 a crescer moderadamente. \u00c9 o quadro mais prov\u00e1vel, segundo a pesquisa.<\/p>\n<p>&nbsp;<\/p>\n<p>No cen\u00e1rio mais otimista, previsto por apenas 16% dos participantes, Temer ter\u00e1 amplo sucesso em levar o Brasil para a rota do crescimento econ\u00f4mico. Eles acreditam que sucessor de Dilma ser\u00e1 capaz de tirar o pa\u00eds da UTI e viabilizar a aprova\u00e7\u00e3o de reformas estruturais, como a da Previd\u00eancia Social. O crescimento do Produto Interno Bruto (PIB) se fortalecer\u00e1 a partir de 2018, relembrando os prim\u00f3rdios do Plano Real.<\/p>\n<p>&nbsp;<\/p>\n<p>O in\u00edcio do governo do peemedebista est\u00e1 bastante confuso. O an\u00fancio de uma equipe econ\u00f4mica competente contrastou com declara\u00e7\u00f5es desastrosas de ministros pol\u00edticos e com o envolvimento de pessoas estrat\u00e9gicas na Opera\u00e7\u00e3o Lava-Jato, como o ministro do Planejamento, Romero Juc\u00e1. O governo Temer est\u00e1 balan\u00e7ando. Resta saber se agir\u00e1 r\u00e1pido para conter a sangria.<\/p>\n<p>&nbsp;<\/p>\n<p><em>Bras\u00edlia, 13h16min<\/em><\/p>\n","protected":false},"excerpt":{"rendered":"<p>POR PAULO SILVA PINTO &nbsp; As chances de o governo Michel Temer fracassar s\u00e3o relativamente altas, como mostra pesquisa realizada pela Consultoria Macroplan com economistas, cientistas pol\u00edticos e especialistas em gest\u00e3o p\u00fablica. Segundo o levantamento, 36% acreditam que o presidente interino n\u00e3o conseguir\u00e1 fazer as reformas necess\u00e1rias e ter\u00e1 dificuldades para estabilizar a economia, abrindo [&hellip;]<\/p>\n","protected":false},"author":22,"featured_media":0,"comment_status":"open","ping_status":"closed","sticky":false,"template":"","format":"standard","meta":{"wpb_read_more":[],"footnotes":""},"categories":[1],"tags":[],"class_list":["post-1092","post","type-post","status-publish","format-standard","hentry","category-sem-categoria"],"_links":{"self":[{"href":"https:\/\/blogs2.correiobraziliense.com.br\/vicente\/wp-json\/wp\/v2\/posts\/1092","targetHints":{"allow":["GET"]}}],"collection":[{"href":"https:\/\/blogs2.correiobraziliense.com.br\/vicente\/wp-json\/wp\/v2\/posts"}],"about":[{"href":"https:\/\/blogs2.correiobraziliense.com.br\/vicente\/wp-json\/wp\/v2\/types\/post"}],"author":[{"embeddable":true,"href":"https:\/\/blogs2.correiobraziliense.com.br\/vicente\/wp-json\/wp\/v2\/users\/22"}],"replies":[{"embeddable":true,"href":"https:\/\/blogs2.correiobraziliense.com.br\/vicente\/wp-json\/wp\/v2\/comments?post=1092"}],"version-history":[{"count":1,"href":"https:\/\/blogs2.correiobraziliense.com.br\/vicente\/wp-json\/wp\/v2\/posts\/1092\/revisions"}],"predecessor-version":[{"id":1093,"href":"https:\/\/blogs2.correiobraziliense.com.br\/vicente\/wp-json\/wp\/v2\/posts\/1092\/revisions\/1093"}],"wp:attachment":[{"href":"https:\/\/blogs2.correiobraziliense.com.br\/vicente\/wp-json\/wp\/v2\/media?parent=1092"}],"wp:term":[{"taxonomy":"category","embeddable":true,"href":"https:\/\/blogs2.correiobraziliense.com.br\/vicente\/wp-json\/wp\/v2\/categories?post=1092"},{"taxonomy":"post_tag","embeddable":true,"href":"https:\/\/blogs2.correiobraziliense.com.br\/vicente\/wp-json\/wp\/v2\/tags?post=1092"}],"curies":[{"name":"wp","href":"https:\/\/api.w.org\/{rel}","templated":true}]}}