{"id":10974,"date":"2019-06-13T19:43:44","date_gmt":"2019-06-13T22:43:44","guid":{"rendered":"https:\/\/blogs2.correiobraziliense.com.br\/vicente\/?p=10974"},"modified":"2019-06-13T20:02:01","modified_gmt":"2019-06-13T23:02:01","slug":"filhos-de-bolsonaro-derrubaram-santos-cruz-os-mesmos-filhos-incensam-ernesto","status":"publish","type":"post","link":"https:\/\/blogs2.correiobraziliense.com.br\/vicente\/filhos-de-bolsonaro-derrubaram-santos-cruz-os-mesmos-filhos-incensam-ernesto\/","title":{"rendered":"Filhos de Bolsonaro derrubaram Santos Cruz. Os mesmos filhos incensam Ernesto"},"content":{"rendered":"<h2><a href=\"https:\/\/blogs2.correiobraziliense.com.br\/vicente\/wp-content\/uploads\/sites\/16\/2019\/01\/Ernesto.jpg\"><img loading=\"lazy\" decoding=\"async\" class=\"wp-image-9651 alignleft\" src=\"https:\/\/blogs2.correiobraziliense.com.br\/vicente\/wp-content\/uploads\/sites\/16\/2019\/01\/Ernesto.jpg\" alt=\"\" width=\"580\" height=\"347\" srcset=\"https:\/\/blogs2.correiobraziliense.com.br\/vicente\/wp-content\/uploads\/sites\/16\/2019\/01\/Ernesto.jpg 820w, https:\/\/blogs2.correiobraziliense.com.br\/vicente\/wp-content\/uploads\/sites\/16\/2019\/01\/Ernesto-300x180.jpg 300w, https:\/\/blogs2.correiobraziliense.com.br\/vicente\/wp-content\/uploads\/sites\/16\/2019\/01\/Ernesto-768x460.jpg 768w, https:\/\/blogs2.correiobraziliense.com.br\/vicente\/wp-content\/uploads\/sites\/16\/2019\/01\/Ernesto-350x210.jpg 350w, https:\/\/blogs2.correiobraziliense.com.br\/vicente\/wp-content\/uploads\/sites\/16\/2019\/01\/Ernesto-550x329.jpg 550w, https:\/\/blogs2.correiobraziliense.com.br\/vicente\/wp-content\/uploads\/sites\/16\/2019\/01\/Ernesto-230x138.jpg 230w\" sizes=\"auto, (max-width: 580px) 100vw, 580px\" \/><\/a><\/h2>\n<h2>O mesmos integrantes do governo que est\u00e3o at\u00f4nitos com a demiss\u00e3o do general Santos Cruz da Secretaria de Governo se mostram estupefatos com o poder do ministro de Rela\u00e7\u00f5es Exteriores, Ernesto Ara\u00fajo, junto ao presidente Jair Bolsonaro.<\/h2>\n<p>&nbsp;<\/p>\n<p>Sob a prote\u00e7\u00e3o dos filhos do presidente, Ara\u00fajo conseguiu um feito um dia antes de Bolsonaro botar na rua um de seus maiores escudeiros. O chanceler obteve aprova\u00e7\u00e3o un\u00e2nime do chefe para a sua lista de promo\u00e7\u00e3o de sete embaixadores. Em governos anteriores, isso n\u00e3o era muito comum.<\/p>\n<p>&nbsp;<\/p>\n<p>A lista de promo\u00e7\u00f5es do Itamaraty foi fechada entre Ara\u00fajo e os filhos do presidente. N\u00e3o por acaso, Nestor Forster passou \u00e0 primeira classe da carreira de diplomatas. Ele \u00e9 muito ligado ao guru dos filhos do presidente, Olavo de Carvalho. \u00c9 quase certo que, com essa promo\u00e7\u00e3o, Forster seja al\u00e7ado ao comando da Embaixada do Brasil em Washington.<\/p>\n<p>&nbsp;<\/p>\n<p>Quem pensa que Ernesto est\u00e1 enfraquecido, est\u00e1 completamente enganado. Nunca ele esteve t\u00e3o fortalecido. Sabe-se, nos bastidores, que o ministro trabalhou para disseminar as intrigas contra Santos Cruz.<\/p>\n<p>&nbsp;<\/p>\n<p><em>Bras\u00edlia, 19h43min<\/em><\/p>\n","protected":false},"excerpt":{"rendered":"<p>O mesmos integrantes do governo que est\u00e3o at\u00f4nitos com a demiss\u00e3o do general Santos Cruz da Secretaria de Governo se mostram estupefatos com o poder do ministro de Rela\u00e7\u00f5es Exteriores, Ernesto Ara\u00fajo, junto ao presidente Jair Bolsonaro. &nbsp; Sob a prote\u00e7\u00e3o dos filhos do presidente, Ara\u00fajo conseguiu um feito um dia antes de Bolsonaro botar [&hellip;]<\/p>\n","protected":false},"author":22,"featured_media":0,"comment_status":"open","ping_status":"closed","sticky":false,"template":"","format":"standard","meta":{"wpb_read_more":[],"footnotes":""},"categories":[600],"tags":[22,3937,3649,3936,3575,3811],"class_list":["post-10974","post","type-post","status-publish","format-standard","hentry","category-economia","tag-demissao","tag-embaixadores","tag-ernesto-araujo","tag-filhos","tag-general","tag-santos-cruz"],"_links":{"self":[{"href":"https:\/\/blogs2.correiobraziliense.com.br\/vicente\/wp-json\/wp\/v2\/posts\/10974","targetHints":{"allow":["GET"]}}],"collection":[{"href":"https:\/\/blogs2.correiobraziliense.com.br\/vicente\/wp-json\/wp\/v2\/posts"}],"about":[{"href":"https:\/\/blogs2.correiobraziliense.com.br\/vicente\/wp-json\/wp\/v2\/types\/post"}],"author":[{"embeddable":true,"href":"https:\/\/blogs2.correiobraziliense.com.br\/vicente\/wp-json\/wp\/v2\/users\/22"}],"replies":[{"embeddable":true,"href":"https:\/\/blogs2.correiobraziliense.com.br\/vicente\/wp-json\/wp\/v2\/comments?post=10974"}],"version-history":[{"count":1,"href":"https:\/\/blogs2.correiobraziliense.com.br\/vicente\/wp-json\/wp\/v2\/posts\/10974\/revisions"}],"predecessor-version":[{"id":10975,"href":"https:\/\/blogs2.correiobraziliense.com.br\/vicente\/wp-json\/wp\/v2\/posts\/10974\/revisions\/10975"}],"wp:attachment":[{"href":"https:\/\/blogs2.correiobraziliense.com.br\/vicente\/wp-json\/wp\/v2\/media?parent=10974"}],"wp:term":[{"taxonomy":"category","embeddable":true,"href":"https:\/\/blogs2.correiobraziliense.com.br\/vicente\/wp-json\/wp\/v2\/categories?post=10974"},{"taxonomy":"post_tag","embeddable":true,"href":"https:\/\/blogs2.correiobraziliense.com.br\/vicente\/wp-json\/wp\/v2\/tags?post=10974"}],"curies":[{"name":"wp","href":"https:\/\/api.w.org\/{rel}","templated":true}]}}