{"id":10988,"date":"2019-06-16T12:56:11","date_gmt":"2019-06-16T15:56:11","guid":{"rendered":"https:\/\/blogs2.correiobraziliense.com.br\/vicente\/?p=10988"},"modified":"2019-06-16T13:40:13","modified_gmt":"2019-06-16T16:40:13","slug":"semana-comeca-com-gasolina-abaixo-de-r-4-o-litro","status":"publish","type":"post","link":"https:\/\/blogs2.correiobraziliense.com.br\/vicente\/semana-comeca-com-gasolina-abaixo-de-r-4-o-litro\/","title":{"rendered":"Semana come\u00e7a com gasolina abaixo de R$ 4 o litro"},"content":{"rendered":"<h2>HAMILTON FERRARI<\/h2>\n<h2><\/h2>\n<h2>Os postos deram mais um passo no repasse, para os consumidores, das redu\u00e7\u00f5es de pre\u00e7os na gasolina feitas pela Petrobras. Em v\u00e1rias regi\u00f5es da cidade, \u00e9 poss\u00edvel encher o tanque do carro com gasolina a R$ 3,99 o litro.<\/h2>\n<p>&nbsp;<\/p>\n<p><a href=\"https:\/\/blogs2.correiobraziliense.com.br\/vicente\/wp-content\/uploads\/sites\/16\/2019\/01\/CBPFOT310520170808-1.jpg\"><img loading=\"lazy\" decoding=\"async\" class=\"wp-image-9748 alignleft\" src=\"https:\/\/blogs2.correiobraziliense.com.br\/vicente\/wp-content\/uploads\/sites\/16\/2019\/01\/CBPFOT310520170808-1.jpg\" alt=\"\" width=\"479\" height=\"319\" srcset=\"https:\/\/blogs2.correiobraziliense.com.br\/vicente\/wp-content\/uploads\/sites\/16\/2019\/01\/CBPFOT310520170808-1.jpg 500w, https:\/\/blogs2.correiobraziliense.com.br\/vicente\/wp-content\/uploads\/sites\/16\/2019\/01\/CBPFOT310520170808-1-300x200.jpg 300w, https:\/\/blogs2.correiobraziliense.com.br\/vicente\/wp-content\/uploads\/sites\/16\/2019\/01\/CBPFOT310520170808-1-350x233.jpg 350w, https:\/\/blogs2.correiobraziliense.com.br\/vicente\/wp-content\/uploads\/sites\/16\/2019\/01\/CBPFOT310520170808-1-230x153.jpg 230w\" sizes=\"auto, (max-width: 479px) 100vw, 479px\" \/><\/a><\/p>\n<p>Em \u00c1guas Claras, nos tr\u00eas postos que margeiam a EPTG, a via mais movimentada do Distrito Federal, o combust\u00edvel est\u00e1 sendo vendido abaixo de R$ 4 se pago em dinheiro ou no cart\u00e3o de d\u00e9bito.<\/p>\n<p>&nbsp;<\/p>\n<p>Tamb\u00e9m h\u00e1 postos com gasolina mais barata em Taguatinga e na Asa Norte. Os motoristas que se derem ao trabalho de irem a esses postos far\u00e3o uma boa economia. H\u00e1 meses n\u00e3o se via a gasolina por menos de R$ 4.<\/p>\n<p>&nbsp;<\/p>\n<p><strong>Ganho maior<\/strong><\/p>\n<p>&nbsp;<\/p>\n<p>Motorista de transporte por aplicativo, Sebasti\u00e3o Silva, 47 anos, comemora. &#8220;Felizmente, est\u00e1 mais f\u00e1cil encontrar gasolina a pre\u00e7os acess\u00edveis. Passamos um per\u00edodo muito dif\u00edcil com o combust\u00edvel car\u00edssimo&#8221;, afirma.<\/p>\n<p>&nbsp;<\/p>\n<p>Ele conta que, nesses momentos mais favor\u00e1veis, sempre mant\u00e9m o tanque cheio. &#8220;\u00c9 um forma de economia. Algumas pessoas n\u00e3o param para fazer as contas, mas esses centavos a menos nas bombas fazem a diferen\u00e7a&#8221;, ressalta.<\/p>\n<p>&nbsp;<\/p>\n<p>Juliano Castro, 32, tamb\u00e9m motorista de aplicativo, ressalta que a gasolina \u00e9 seu maior custo. &#8220;Portanto, quando os pre\u00e7os est\u00e3o abaixo de R$ 4, a margem de lucro aumenta. Levamos mais dinheiro para casa. Isso \u00e9 \u00f3timo&#8221;, frisa.<\/p>\n<p>&nbsp;<\/p>\n<p>A perspectiva \u00e9 de esses pre\u00e7os mais acess\u00edveis da gasolina se mantenham nos pr\u00f3ximos dias. &#8220;N\u00e3o h\u00e1 raz\u00e3o para aumentos&#8221;, ressalta Juliano. Ele conta que, nos grupos de motoristas de aplicativos, h\u00e1 otimismo em rela\u00e7\u00e3o ao valor da gasolina nos postos.<\/p>\n<p>&nbsp;<\/p>\n<p>\u00c9 importante ressaltar que a Petrobras voltou a ter liberdade total para fixar os pre\u00e7os dos combust\u00edveis a hora que quiser. Havia uma recomenda\u00e7\u00e3o do governo para que a estatal fosse mais comedida nos ajustes feitos nas refinarias.<\/p>\n<p>&nbsp;<\/p>\n<p>Mas, depois de muita press\u00e3o, o presidente da Petrobras, Roberto Castello Branco, conseguiu convencer o governo da import\u00e2ncia de se dar liberdade \u00e0 Petrobras para executar a pol\u00edtica de pre\u00e7os dos combust\u00edveis de acordo com suas necessidades.<\/p>\n<p>&nbsp;<\/p>\n<p><em>Bras\u00edlia,\u00a0 12h56min<\/em><\/p>\n","protected":false},"excerpt":{"rendered":"<p>HAMILTON FERRARI Os postos deram mais um passo no repasse, para os consumidores, das redu\u00e7\u00f5es de pre\u00e7os na gasolina feitas pela Petrobras. Em v\u00e1rias regi\u00f5es da cidade, \u00e9 poss\u00edvel encher o tanque do carro com gasolina a R$ 3,99 o litro. &nbsp; Em \u00c1guas Claras, nos tr\u00eas postos que margeiam a EPTG, a via mais [&hellip;]<\/p>\n","protected":false},"author":22,"featured_media":0,"comment_status":"open","ping_status":"closed","sticky":false,"template":"","format":"standard","meta":{"wpb_read_more":[],"footnotes":""},"categories":[600],"tags":[3938,755,268,467,228,483],"class_list":["post-10988","post","type-post","status-publish","format-standard","hentry","category-economia","tag-3938","tag-distrito-federal","tag-gasolina","tag-governo","tag-petrobras","tag-r-3"],"_links":{"self":[{"href":"https:\/\/blogs2.correiobraziliense.com.br\/vicente\/wp-json\/wp\/v2\/posts\/10988","targetHints":{"allow":["GET"]}}],"collection":[{"href":"https:\/\/blogs2.correiobraziliense.com.br\/vicente\/wp-json\/wp\/v2\/posts"}],"about":[{"href":"https:\/\/blogs2.correiobraziliense.com.br\/vicente\/wp-json\/wp\/v2\/types\/post"}],"author":[{"embeddable":true,"href":"https:\/\/blogs2.correiobraziliense.com.br\/vicente\/wp-json\/wp\/v2\/users\/22"}],"replies":[{"embeddable":true,"href":"https:\/\/blogs2.correiobraziliense.com.br\/vicente\/wp-json\/wp\/v2\/comments?post=10988"}],"version-history":[{"count":1,"href":"https:\/\/blogs2.correiobraziliense.com.br\/vicente\/wp-json\/wp\/v2\/posts\/10988\/revisions"}],"predecessor-version":[{"id":10989,"href":"https:\/\/blogs2.correiobraziliense.com.br\/vicente\/wp-json\/wp\/v2\/posts\/10988\/revisions\/10989"}],"wp:attachment":[{"href":"https:\/\/blogs2.correiobraziliense.com.br\/vicente\/wp-json\/wp\/v2\/media?parent=10988"}],"wp:term":[{"taxonomy":"category","embeddable":true,"href":"https:\/\/blogs2.correiobraziliense.com.br\/vicente\/wp-json\/wp\/v2\/categories?post=10988"},{"taxonomy":"post_tag","embeddable":true,"href":"https:\/\/blogs2.correiobraziliense.com.br\/vicente\/wp-json\/wp\/v2\/tags?post=10988"}],"curies":[{"name":"wp","href":"https:\/\/api.w.org\/{rel}","templated":true}]}}