{"id":1099,"date":"2016-05-23T20:30:51","date_gmt":"2016-05-23T23:30:51","guid":{"rendered":"https:\/\/blogs2.correiobraziliense.com.br\/vicente\/?p=1099"},"modified":"2016-05-23T23:02:19","modified_gmt":"2016-05-24T02:02:19","slug":"juca-no-governo-e-passado-avisa-temer-aliados","status":"publish","type":"post","link":"https:\/\/blogs2.correiobraziliense.com.br\/vicente\/juca-no-governo-e-passado-avisa-temer-aliados\/","title":{"rendered":"&#8220;Juc\u00e1 no governo \u00e9 passado&#8221;, avisa Temer a aliados"},"content":{"rendered":"<p>Abalado com o afastamento de Romero Juc\u00e1 do Minist\u00e9rio do Planejamento, o presidente interino, Michel Temer, reuniu seus principais assessores e pediu que todos olhassem para frente. &#8220;Juc\u00e1 no governo \u00e9 passado&#8221;, disse, durante a conversa. O importante, agora, segundo o peemedebista, \u00e9 criar fatos positivos para que empres\u00e1rios e investidores tenham a percep\u00e7\u00e3o de que o governo n\u00e3o est\u00e1 paralisado. &#8220;Vamos virar o jogo com o an\u00fancio do pacotes de medidas que ser\u00e1 anunciado nesta ter\u00e7a-feira para conter o rombo fiscal&#8221;, frisou, segundo um dos assessores.<\/p>\n<p>&nbsp;<\/p>\n<p>O governo recebeu sinais dos investidores de que, em meio \u00e0 crise provocada por Juc\u00e1, seria um erro n\u00e3o anunciar amanh\u00e3 as medidas prometidas pelo ministro da Fazenda, Henrique Meirelles. Um adiamento s\u00f3 refor\u00e7aria a fragilidade de Temer, que perdeu um de seus principais colaboradores. O presidente interino indicou que Juc\u00e1 n\u00e3o voltar\u00e1 para o Planejamento. A disposi\u00e7\u00e3o \u00e9 encontrar um nome forte para a pasta, que ficar\u00e1, temporariamente, sob o comando do secret\u00e1rio\u00a0executivo, Dyogo de Oliveira.<\/p>\n<p>&nbsp;<\/p>\n<p>O pacote preparado por Meirelles inclui um limite para o aumento de gastos, que deve ser inferior \u00e0 varia\u00e7\u00e3o do Produto Interno Bruto (PIB) do ano interior, a amplia\u00e7\u00e3o do limite de desvincula\u00e7\u00e3o de receitas, uma esp\u00e9cie de superDRU, e cortes de gastos, sobretudo com pessoal. A meta \u00e9 criar a percep\u00e7\u00e3o entre os agentes econ\u00f4micos de que a d\u00edvida bruta, em algum momento, vai parar de crescer. &#8220;Vamos controlar as despesas para que, num horizonte m\u00e9dio de tempo, o governo volte a gerar superavits prim\u00e1rios&#8221;, diz um integrante da equipe econ\u00f4mica.<\/p>\n<p>&nbsp;<\/p>\n<p>O governo sentiu o baque da queda de Juc\u00e1. Contudo, Temer continuar\u00e1 prestigiando publicamente o senador, apontado como pe\u00e7a fundamental para fazer andar no Congresso as medidas de interesse do Pal\u00e1cio do Planalto para o ajuste fiscal. Publicamente, Temer elogiou o ex-ministro, ao afirmar que ele ter\u00e1 papel relevante no Legislativo para o\u00a0governo.<\/p>\n<p>&nbsp;<\/p>\n<p>Bras\u00edlia, 20h30min<\/p>\n","protected":false},"excerpt":{"rendered":"<p>Abalado com o afastamento de Romero Juc\u00e1 do Minist\u00e9rio do Planejamento, o presidente interino, Michel Temer, reuniu seus principais assessores e pediu que todos olhassem para frente. &#8220;Juc\u00e1 no governo \u00e9 passado&#8221;, disse, durante a conversa. O importante, agora, segundo o peemedebista, \u00e9 criar fatos positivos para que empres\u00e1rios e investidores tenham a percep\u00e7\u00e3o de [&hellip;]<\/p>\n","protected":false},"author":22,"featured_media":0,"comment_status":"open","ping_status":"closed","sticky":false,"template":"","format":"standard","meta":{"wpb_read_more":[],"footnotes":""},"categories":[1],"tags":[],"class_list":["post-1099","post","type-post","status-publish","format-standard","hentry","category-sem-categoria"],"_links":{"self":[{"href":"https:\/\/blogs2.correiobraziliense.com.br\/vicente\/wp-json\/wp\/v2\/posts\/1099","targetHints":{"allow":["GET"]}}],"collection":[{"href":"https:\/\/blogs2.correiobraziliense.com.br\/vicente\/wp-json\/wp\/v2\/posts"}],"about":[{"href":"https:\/\/blogs2.correiobraziliense.com.br\/vicente\/wp-json\/wp\/v2\/types\/post"}],"author":[{"embeddable":true,"href":"https:\/\/blogs2.correiobraziliense.com.br\/vicente\/wp-json\/wp\/v2\/users\/22"}],"replies":[{"embeddable":true,"href":"https:\/\/blogs2.correiobraziliense.com.br\/vicente\/wp-json\/wp\/v2\/comments?post=1099"}],"version-history":[{"count":1,"href":"https:\/\/blogs2.correiobraziliense.com.br\/vicente\/wp-json\/wp\/v2\/posts\/1099\/revisions"}],"predecessor-version":[{"id":1100,"href":"https:\/\/blogs2.correiobraziliense.com.br\/vicente\/wp-json\/wp\/v2\/posts\/1099\/revisions\/1100"}],"wp:attachment":[{"href":"https:\/\/blogs2.correiobraziliense.com.br\/vicente\/wp-json\/wp\/v2\/media?parent=1099"}],"wp:term":[{"taxonomy":"category","embeddable":true,"href":"https:\/\/blogs2.correiobraziliense.com.br\/vicente\/wp-json\/wp\/v2\/categories?post=1099"},{"taxonomy":"post_tag","embeddable":true,"href":"https:\/\/blogs2.correiobraziliense.com.br\/vicente\/wp-json\/wp\/v2\/tags?post=1099"}],"curies":[{"name":"wp","href":"https:\/\/api.w.org\/{rel}","templated":true}]}}