{"id":10992,"date":"2019-06-17T10:20:56","date_gmt":"2019-06-17T13:20:56","guid":{"rendered":"https:\/\/blogs2.correiobraziliense.com.br\/vicente\/?p=10992"},"modified":"2019-06-17T10:35:07","modified_gmt":"2019-06-17T13:35:07","slug":"para-mercado-levy-nao-fazia-diferenca-no-governo-o-que-preocupa-e-instabilidade-de-bolsonaro","status":"publish","type":"post","link":"https:\/\/blogs2.correiobraziliense.com.br\/vicente\/para-mercado-levy-nao-fazia-diferenca-no-governo-o-que-preocupa-e-instabilidade-de-bolsonaro\/","title":{"rendered":"Para mercado, Levy n\u00e3o fazia diferen\u00e7a no governo, o que preocupa \u00e9 instabilidade de Bolsonaro"},"content":{"rendered":"<figure id=\"attachment_10981\" aria-describedby=\"caption-attachment-10981\" style=\"width: 609px\" class=\"wp-caption alignleft\"><a href=\"https:\/\/blogs2.correiobraziliense.com.br\/vicente\/wp-content\/uploads\/sites\/16\/2019\/06\/CBPFOT070120190198.jpg\"><img loading=\"lazy\" decoding=\"async\" class=\" wp-image-10981\" src=\"https:\/\/blogs2.correiobraziliense.com.br\/vicente\/wp-content\/uploads\/sites\/16\/2019\/06\/CBPFOT070120190198.jpg\" alt=\"Levy Guedes\" width=\"609\" height=\"410\" srcset=\"https:\/\/blogs2.correiobraziliense.com.br\/vicente\/wp-content\/uploads\/sites\/16\/2019\/06\/CBPFOT070120190198.jpg 800w, https:\/\/blogs2.correiobraziliense.com.br\/vicente\/wp-content\/uploads\/sites\/16\/2019\/06\/CBPFOT070120190198-300x202.jpg 300w, https:\/\/blogs2.correiobraziliense.com.br\/vicente\/wp-content\/uploads\/sites\/16\/2019\/06\/CBPFOT070120190198-768x517.jpg 768w, https:\/\/blogs2.correiobraziliense.com.br\/vicente\/wp-content\/uploads\/sites\/16\/2019\/06\/CBPFOT070120190198-350x236.jpg 350w, https:\/\/blogs2.correiobraziliense.com.br\/vicente\/wp-content\/uploads\/sites\/16\/2019\/06\/CBPFOT070120190198-550x371.jpg 550w, https:\/\/blogs2.correiobraziliense.com.br\/vicente\/wp-content\/uploads\/sites\/16\/2019\/06\/CBPFOT070120190198-230x155.jpg 230w\" sizes=\"auto, (max-width: 609px) 100vw, 609px\" \/><\/a><figcaption id=\"caption-attachment-10981\" class=\"wp-caption-text\">Ed Alves\/CB\/D.A Press<\/figcaption><\/figure>\n<p>O mercado financeiro iniciou as negocia\u00e7\u00f5es nesta segunda-feira ( 17\/06) em clima de compasso de espera, de olho no quadro internacional e nas surpresas, nada agrad\u00e1veis, que costumam vir de Bras\u00edlia.<\/p>\n<p>&nbsp;<\/p>\n<p>Para os especialistas, a demiss\u00e3o de Joaquim Levy da presid\u00eancia do Banco Nacional de Desenvolvimento Econ\u00f4mico e Social (BNDES) ter\u00e1 impacto quase zero nas negocia\u00e7\u00f5es de ativos, porque ele n\u00e3o fazia a diferen\u00e7a no governo.<\/p>\n<p>&nbsp;<\/p>\n<p>Levy estava isolado das principais decis\u00f5es da equipe econ\u00f4mica. O que chamou a aten\u00e7\u00e3o dos operadores foi a forma desrespeitosa com que ele foi demitido pelo presidente Jair Bolsonaro, que tem mostrado uma instabilidade muito acima do normal para um chefe de Estado.<\/p>\n<p>&nbsp;<\/p>\n<p>Para os analistas, Bolsonaro mostrou, com a demiss\u00e3o de Levy, que, bastar\u00e1 as redes sociais detonarem algum integrante do governo, para que a fritura em pra\u00e7a p\u00fablica seja iniciada.<\/p>\n<p>&nbsp;<\/p>\n<p>Pouco depois das 10h das manh\u00e3, o d\u00f3lar ca\u00eda 0,28%, cotado a R$ 3,89. J\u00e1 a Bolsa de Valores de S\u00e3o Paulo (B3) cedia 0,33%, com o Ibovespa, o principal \u00edndice de lucratividade do mercado, nos 97.714 pontos.<\/p>\n<p>&nbsp;<\/p>\n<p>Segundo analistas, est\u00e3o todos \u00e0 espera de declara\u00e7\u00f5es p\u00fablicas do ministro da Economia, Paulo Guedes, que n\u00e3o s\u00f3 endossou a demiss\u00e3o de Levy, como explicitou o descontamento com o trabalho do ex-subordinado.<\/p>\n<p>&nbsp;<\/p>\n<p><em>Bras\u00edlia, 10h20min<\/em><\/p>\n","protected":false},"excerpt":{"rendered":"<p>O mercado financeiro iniciou as negocia\u00e7\u00f5es nesta segunda-feira ( 17\/06) em clima de compasso de espera, de olho no quadro internacional e nas surpresas, nada agrad\u00e1veis, que costumam vir de Bras\u00edlia. &nbsp; Para os especialistas, a demiss\u00e3o de Joaquim Levy da presid\u00eancia do Banco Nacional de Desenvolvimento Econ\u00f4mico e Social (BNDES) ter\u00e1 impacto quase zero [&hellip;]<\/p>\n","protected":false},"author":22,"featured_media":0,"comment_status":"open","ping_status":"closed","sticky":false,"template":"","format":"standard","meta":{"wpb_read_more":[],"footnotes":""},"categories":[600],"tags":[2554,22,48,753,3613],"class_list":["post-10992","post","type-post","status-publish","format-standard","hentry","category-economia","tag-bolsonaro","tag-demissao","tag-levy","tag-mercado","tag-paulo-guedes"],"_links":{"self":[{"href":"https:\/\/blogs2.correiobraziliense.com.br\/vicente\/wp-json\/wp\/v2\/posts\/10992","targetHints":{"allow":["GET"]}}],"collection":[{"href":"https:\/\/blogs2.correiobraziliense.com.br\/vicente\/wp-json\/wp\/v2\/posts"}],"about":[{"href":"https:\/\/blogs2.correiobraziliense.com.br\/vicente\/wp-json\/wp\/v2\/types\/post"}],"author":[{"embeddable":true,"href":"https:\/\/blogs2.correiobraziliense.com.br\/vicente\/wp-json\/wp\/v2\/users\/22"}],"replies":[{"embeddable":true,"href":"https:\/\/blogs2.correiobraziliense.com.br\/vicente\/wp-json\/wp\/v2\/comments?post=10992"}],"version-history":[{"count":1,"href":"https:\/\/blogs2.correiobraziliense.com.br\/vicente\/wp-json\/wp\/v2\/posts\/10992\/revisions"}],"predecessor-version":[{"id":10993,"href":"https:\/\/blogs2.correiobraziliense.com.br\/vicente\/wp-json\/wp\/v2\/posts\/10992\/revisions\/10993"}],"wp:attachment":[{"href":"https:\/\/blogs2.correiobraziliense.com.br\/vicente\/wp-json\/wp\/v2\/media?parent=10992"}],"wp:term":[{"taxonomy":"category","embeddable":true,"href":"https:\/\/blogs2.correiobraziliense.com.br\/vicente\/wp-json\/wp\/v2\/categories?post=10992"},{"taxonomy":"post_tag","embeddable":true,"href":"https:\/\/blogs2.correiobraziliense.com.br\/vicente\/wp-json\/wp\/v2\/tags?post=10992"}],"curies":[{"name":"wp","href":"https:\/\/api.w.org\/{rel}","templated":true}]}}