{"id":11,"date":"2015-01-15T00:01:00","date_gmt":"2015-01-15T02:01:00","guid":{"rendered":"https:\/\/blogs2.correiobraziliense.com.br\/vicente\/silencio_estrategico\/"},"modified":"2015-01-15T00:01:00","modified_gmt":"2015-01-15T02:01:00","slug":"silencio_estrategico","status":"publish","type":"post","link":"https:\/\/blogs2.correiobraziliense.com.br\/vicente\/silencio_estrategico\/","title":{"rendered":"SIL\u00caNCIO ESTRAT\u00c9GICO"},"content":{"rendered":"\n<p>A presidente Dilma Rousseff est\u00e1 seguindo \u00e0 risca o compromisso acertado com o ministro da Fazenda, Joaquim Levy, de n\u00e3o falar nada sobre economia at\u00e9 que a confian\u00e7a na equipe que ele comanda esteja consolidada. Depois do estresse que criou ao obrigar o ministro do Planejamento, Nelson Barbosa, a negar, por meio de nota, o que ele tinha dito um dia antes sobre a pol\u00edtica de corre\u00e7\u00e3o do sal\u00e1rio m\u00ednimo, Dilma se calou. <\/p>\n<p>Nada, nem mesmo o an\u00fancio de aumento de impostos e da energia el\u00e9trica, que havia negado com todas as for\u00e7as durante a campanha eleitoral, mereceu uma palavra da presidente, at\u00e9 para n\u00e3o ser confrontada com as mentiras que espalhou na busca por mais quatro anos no Pal\u00e1cio do Planalto. \u201cPassaram-se os primeiros 15 dias do segundo mandato e n\u00e3o rolou nenhum embate com Levy\u201d, diz um entusiasmado t\u00e9cnico da Fazenda. \u201cPor isso, estamos come\u00e7ando a acreditar que a promessa de Dilma de terceiriza\u00e7\u00e3o da economia \u00e9 para valer\u201d, acrescenta. <\/p>\n<p>O hist\u00f3rico da presidente recomenda, contudo, muita cautela. Se h\u00e1 motivos para comemora\u00e7\u00e3o dentro do governo pelo fato de a chefe do Executivo estar, com seu sil\u00eancio, endossando todas as maldades anunciadas por Levy, ela ter\u00e1 que dar sinais muito mais consistentes para os investidores de que os ajustes anunciados na pol\u00edtica econ\u00f4mica s\u00e3o para valer. A grande pergunta que todos fazem no mercado \u00e9 sobre como Dilma convencer\u00e1 o Congresso Nacional a aprovar aumentos de tributos e cortes de benef\u00edcios sociais. <\/p>\n<p>A resist\u00eancia a tais medidas come\u00e7a no partido da presidente, o PT. Por mais que os caciques da legenda garantam, publicamente, amplo apoio \u00e0s a\u00e7\u00f5es do governo no sentido de resgatar a credibilidade da economia, as bases temem que o Planalto avance demais o sinal, traindo compromissos hist\u00f3ricos com os trabalhadores. As centrais sindicais, por sinal, j\u00e1 marcaram uma grande mobiliza\u00e7\u00e3o para 28 de janeiro contra as medidas provis\u00f3rias que restringem as concess\u00f5es do seguro-desemprego e das pens\u00f5es por morte. <\/p>\n<p>\u00c9 preciso considerar ainda que Dilma est\u00e1 politicamente enfraquecida por causa da corrup\u00e7\u00e3o que destr\u00f3i a Petrobras. Quase todos os partidos da base aliada t\u00eam integrantes citados como benefici\u00e1rios do esquema que teria desviado mais de R$ 10 bilh\u00f5es da companhia. A presidente ter\u00e1 que mostrar uma habilidade que nunca teve desde que chegou ao Planalto, em janeiro de 2011, para conciliar os interesses do governo e os das legendas que lhe d\u00e3o apoio. <\/p>\n<p>Por isso, mesmo com Joaquim Levy seguindo \u00e0 risca a cartilha do mercado, o sentimento de desconfian\u00e7a prevalece. A ag\u00eancia de classifica\u00e7\u00e3o de riscos Standard &amp; Poor\u2019s, que est\u00e1 a um passo de rebaixar o Brasil para o n\u00edvel especulativo, j\u00e1 avisou que as palavras do ministro da Fazenda s\u00e3o bonitas, que ele tem mostrado compromisso em resolver os desajustes fiscais do pa\u00eds, mas ser\u00e1 preciso muito empenho do Planalto e do Congresso para que as promessas se tornem realidade. <\/p>\n<p><b>Hora de sangue-frio<\/b> <\/p>\n<p>Economista-chefe da INVX Partners, Eduardo Velho acredita que os investidores v\u00e3o ampliar as apostas de que o Brasil fechou 2014 com queda no Produto Interno Bruto (PIB). A gota d\u2019\u00e1gua para que essa vis\u00e3o de consolide ser\u00e1 o an\u00fancio, pelo Banco Central, de contra\u00e7\u00e3o na atividade econ\u00f4mica em novembro. O dado sair\u00e1 hoje. Na m\u00e9dia, o mercado prev\u00ea retra\u00e7\u00e3o de 0,2% ante o m\u00eas anterior. \u201cIsso s\u00f3 aumenta a responsabilidade da equipe chefiada por Joaquim Levy, que ter\u00e1 de fazer uma gest\u00e3o muito boa das expectativas a curto prazo\u201d, afirma. \u201cOs n\u00fameros que veremos nos pr\u00f3ximos meses s\u00e3o muito ruins. Teremos diante de n\u00f3s uma economia encolhendo e a infla\u00e7\u00e3o subindo\u201d, emenda. <\/p>\n<p><b>BC n\u00e3o comove<\/b> <\/p>\n<p>As mudan\u00e7as que o presidente do Banco Central, Alexandre Tombini, pretende fazer na diretoria da institui\u00e7\u00e3o n\u00e3o t\u00eam causado grande como\u00e7\u00e3o entre os investidores. Motivo: o forte contentamento com a equipe do Minist\u00e9rio da Fazenda. Para os especialistas, o maior foco de tens\u00e3o entre o mercado e o governo estava no Tesouro Nacional. E a substitui\u00e7\u00e3o de Arno Augustin por Marcelo Barbosa Saintive tratou de esfriar os \u00e2nimos. <\/p>\n<p><b>Onda de calote<\/b> <\/p>\n<p>\u00c9 cada vez maior a tens\u00e3o entre executivos de bancos em rela\u00e7\u00e3o \u00e0s construtoras envolvidas na opera\u00e7\u00e3o Lava-Jato, que investiga corrup\u00e7\u00e3o na Petrobras. Os sinais emitidos pelas empresas s\u00e3o de que uma grande onda de calote em empr\u00e9stimos est\u00e1 a caminho. <\/p>\n<p><b>Desemprego no Rio<\/b> <\/p>\n<p>O governo j\u00e1 recebeu sinais de que, com a crise que atinge a Petrobras e suas prestadoras de servi\u00e7o, o desemprego no Rio de Janeiro deve come\u00e7ar a subir. Nos \u00faltimos meses, a taxa de desocupa\u00e7\u00e3o no estado se manteve em 3,6%, bem abaixo da m\u00e9dia das seis principais regi\u00f5es metropolitanas do pa\u00eds, de 4,8%. <\/p>\n<p><b>Sinais de autoritarismo<\/b> <\/p>\n<p>Joaquim Levy quer proibir jornalistas de se posicionarem na portaria do Minist\u00e9rio da Fazenda \u00e0 espera de not\u00edcia. E j\u00e1 acionou a seguran\u00e7a para agir. N\u00e3o cabe a ele, no entanto, decidir onde a imprensa deve estar. <\/p>\n<p><i>Bras\u00edlia, 00h01min<\/i>   <\/p>\n","protected":false},"excerpt":{"rendered":"<p>A presidente Dilma Rousseff est\u00e1 seguindo \u00e0 risca o compromisso acertado com o ministro da Fazenda, Joaquim Levy, de n\u00e3o falar nada sobre economia at\u00e9 que a confian\u00e7a na equipe que ele comanda esteja consolidada. Depois do estresse que criou ao obrigar o ministro do Planejamento, Nelson Barbosa, a negar, por meio de nota, o [&hellip;]<\/p>\n","protected":false},"author":22,"featured_media":0,"comment_status":"open","ping_status":"open","sticky":false,"template":"","format":"standard","meta":{"wpb_read_more":[],"footnotes":""},"categories":[1],"tags":[],"class_list":["post-11","post","type-post","status-publish","format-standard","hentry","category-sem-categoria"],"_links":{"self":[{"href":"https:\/\/blogs2.correiobraziliense.com.br\/vicente\/wp-json\/wp\/v2\/posts\/11","targetHints":{"allow":["GET"]}}],"collection":[{"href":"https:\/\/blogs2.correiobraziliense.com.br\/vicente\/wp-json\/wp\/v2\/posts"}],"about":[{"href":"https:\/\/blogs2.correiobraziliense.com.br\/vicente\/wp-json\/wp\/v2\/types\/post"}],"author":[{"embeddable":true,"href":"https:\/\/blogs2.correiobraziliense.com.br\/vicente\/wp-json\/wp\/v2\/users\/22"}],"replies":[{"embeddable":true,"href":"https:\/\/blogs2.correiobraziliense.com.br\/vicente\/wp-json\/wp\/v2\/comments?post=11"}],"version-history":[{"count":0,"href":"https:\/\/blogs2.correiobraziliense.com.br\/vicente\/wp-json\/wp\/v2\/posts\/11\/revisions"}],"wp:attachment":[{"href":"https:\/\/blogs2.correiobraziliense.com.br\/vicente\/wp-json\/wp\/v2\/media?parent=11"}],"wp:term":[{"taxonomy":"category","embeddable":true,"href":"https:\/\/blogs2.correiobraziliense.com.br\/vicente\/wp-json\/wp\/v2\/categories?post=11"},{"taxonomy":"post_tag","embeddable":true,"href":"https:\/\/blogs2.correiobraziliense.com.br\/vicente\/wp-json\/wp\/v2\/tags?post=11"}],"curies":[{"name":"wp","href":"https:\/\/api.w.org\/{rel}","templated":true}]}}