{"id":110,"date":"2015-06-17T16:22:00","date_gmt":"2015-06-17T19:22:00","guid":{"rendered":"https:\/\/blogs2.correiobraziliense.com.br\/vicente\/em_visita_ao_planalto_jorge_paulo_lemann_sente_o_desprestigio_com_dilma\/"},"modified":"2015-06-17T16:22:00","modified_gmt":"2015-06-17T19:22:00","slug":"em_visita_ao_planalto_jorge_paulo_lemann_sente_o_desprestigio_com_dilma","status":"publish","type":"post","link":"https:\/\/blogs2.correiobraziliense.com.br\/vicente\/em_visita_ao_planalto_jorge_paulo_lemann_sente_o_desprestigio_com_dilma\/","title":{"rendered":"EM VISITA AO PLANALTO, JORGE PAULO LEMANN SENTE O DESPREST\u00cdGIO COM DILMA"},"content":{"rendered":"\n<p>ANTONIO TEM\u00d3TEO    <\/p>\n<p>Idolatrado por 10 em cada 10 executivos pela disciplina nos neg\u00f3cios, admirado no mercado financeiro pela compra de \u00edcones norte-americanos como a fabricante de cervejas Anheuser-Busch, dona da Budweiser, e s\u00f3cio de Warren Buffett, um dos homens mais ricos do mundo, Jorge Paulo Lemann n\u00e3o goza do mesmo prest\u00edgio no Pal\u00e1cio do Planalto. Desde o fim da corrida eleitoral que reelegeu Dilma Rousseff \u00e0 Presid\u00eancia da Rep\u00fablica, ele tentava, sem sucesso, marcar um encontro com a chefe do Executivo.    <\/p>\n<p>Integrantes da equipe econ\u00f4mica e parlamentares confidenciaram ao blog que&nbsp; Lemann foi colocado na geladeira por dois motivos. Fez campanha para o ent\u00e3o candidato \u00e0 Presid\u00eancia A\u00e9cio Neves e falou mal de Dilma durante o processo eleitoral, algo que contraria sua postura discreta. As ofensas chegaram aos ouvidos da petista. Irada, a presidente decidiu negar os pedidos de encontros feitos pelo homem mais rico do Brasil ap\u00f3s a reelei\u00e7\u00e3o.    <\/p>\n<p>S\u00f3 mudou de ideia depois do apelo de diversos auxiliares para que atendesse Lemann. Mas Dilma fez quest\u00e3o de emitir sinais de que ele havia perdido o prestigio de outrora. Primeiro, a reuni\u00e3o entre os dois foi colocada na agenda oficial, coisa que n\u00e3o costuma fazer quando se encontra com os executivos pr\u00f3ximos que consulta para tomar decis\u00f5es sobre os rumos da economia. Segundo, Lemann foi identificado como &#8220;empres\u00e1rio su\u00ed\u00e7o-brasileiro&#8221;. Ele mora em Zurique, mas nasceu no Rio de Janeiro.    <\/p>\n<p><img decoding=\"async\" src=\"https:\/\/blogs2.correiobraziliense.com.br\/wp-content\/uploads\/blog-vicente\/f58946eb65705bc4830ca284ec442f20.jpg\">    <\/p>\n<p>Ao chegar na garagem do Pal\u00e1cio do Planalto acompanhado de tr\u00eas assessores com 10 minutos de anteced\u00eancia ao hor\u00e1rio do encontro, o terceiro desconforto. O nome do visitante n\u00e3o constava na lista dos seguran\u00e7as. Um assessor de Lemann precisou ligar para o gabinete de Dilma para solicitar a libera\u00e7\u00e3o para entrada. Quando a presidente recebe alguma autoridade reservadamente, costuma deixar uma pessoa esperando na garagem e deixa a disposi\u00e7\u00e3o o elevador privativo.    <\/p>\n<p>Na caminhada at\u00e9 os elevadores comuns do Pal\u00e1cio do Planalto, o blog perguntou a Lemann qual seria o tema da reuni\u00e3o. Visivelmente constrangido, respondeu que estava ali para falar sobre educa\u00e7\u00e3o. Questionado sobre o momento econ\u00f4mico do pa\u00eds, um assessor n\u00e3o deixou que respondesse. &#8220;A gente n\u00e3o est\u00e1 dando declara\u00e7\u00e3o&#8221;, resmungou o auxiliar e os quatro se dirigiram ao gabinete presidencial.     <\/p>\n<p>Bras\u00edlia, 16h20min    <\/p>\n","protected":false},"excerpt":{"rendered":"<p>ANTONIO TEM\u00d3TEO Idolatrado por 10 em cada 10 executivos pela disciplina nos neg\u00f3cios, admirado no mercado financeiro pela compra de \u00edcones norte-americanos como a fabricante de cervejas Anheuser-Busch, dona da Budweiser, e s\u00f3cio de Warren Buffett, um dos homens mais ricos do mundo, Jorge Paulo Lemann n\u00e3o goza do mesmo prest\u00edgio no Pal\u00e1cio do Planalto. [&hellip;]<\/p>\n","protected":false},"author":22,"featured_media":0,"comment_status":"open","ping_status":"open","sticky":false,"template":"","format":"standard","meta":{"wpb_read_more":[],"footnotes":""},"categories":[1],"tags":[],"class_list":["post-110","post","type-post","status-publish","format-standard","hentry","category-sem-categoria"],"_links":{"self":[{"href":"https:\/\/blogs2.correiobraziliense.com.br\/vicente\/wp-json\/wp\/v2\/posts\/110","targetHints":{"allow":["GET"]}}],"collection":[{"href":"https:\/\/blogs2.correiobraziliense.com.br\/vicente\/wp-json\/wp\/v2\/posts"}],"about":[{"href":"https:\/\/blogs2.correiobraziliense.com.br\/vicente\/wp-json\/wp\/v2\/types\/post"}],"author":[{"embeddable":true,"href":"https:\/\/blogs2.correiobraziliense.com.br\/vicente\/wp-json\/wp\/v2\/users\/22"}],"replies":[{"embeddable":true,"href":"https:\/\/blogs2.correiobraziliense.com.br\/vicente\/wp-json\/wp\/v2\/comments?post=110"}],"version-history":[{"count":0,"href":"https:\/\/blogs2.correiobraziliense.com.br\/vicente\/wp-json\/wp\/v2\/posts\/110\/revisions"}],"wp:attachment":[{"href":"https:\/\/blogs2.correiobraziliense.com.br\/vicente\/wp-json\/wp\/v2\/media?parent=110"}],"wp:term":[{"taxonomy":"category","embeddable":true,"href":"https:\/\/blogs2.correiobraziliense.com.br\/vicente\/wp-json\/wp\/v2\/categories?post=110"},{"taxonomy":"post_tag","embeddable":true,"href":"https:\/\/blogs2.correiobraziliense.com.br\/vicente\/wp-json\/wp\/v2\/tags?post=110"}],"curies":[{"name":"wp","href":"https:\/\/api.w.org\/{rel}","templated":true}]}}