{"id":1101,"date":"2016-05-24T08:06:42","date_gmt":"2016-05-24T11:06:42","guid":{"rendered":"https:\/\/blogs2.correiobraziliense.com.br\/vicente\/?p=1101"},"modified":"2016-05-24T08:06:42","modified_gmt":"2016-05-24T11:06:42","slug":"temer-diminuiu","status":"publish","type":"post","link":"https:\/\/blogs2.correiobraziliense.com.br\/vicente\/temer-diminuiu\/","title":{"rendered":"Temer diminuiu"},"content":{"rendered":"<p>O governo interino de Michel Temer ficou mais fraco ontem. A sa\u00edda de Romero Juc\u00e1 do Minist\u00e9rio do Planejamento, acusado de tramar a obstru\u00e7\u00e3o das investiga\u00e7\u00f5es da Lava-Jato, explicita o quanto o sucessor de Dilma Rousseff est\u00e1 vulner\u00e1vel \u00e0s den\u00fancias de corrup\u00e7\u00e3o. O risco de outros auxiliares de peso do peemedebista serem pegos aumentou consideravelmente. Com isso, em vez da confian\u00e7a necess\u00e1ria para levar adiante as duras medidas fiscais que o Brasil precisa, sobram, agora, incertezas. De novo, o pa\u00eds mergulha num mar de d\u00favidas e a administra\u00e7\u00e3o que parecia salvadora pode implodir.<\/p>\n<p>&nbsp;<\/p>\n<p>Como bem observa o ex-presidente Fernando Henrique Cardoso, em pol\u00edtica, um raio pode cair na sua cabe\u00e7a mesmo com o c\u00e9u azul. Foi o que ocorreu com Temer. Desde que tomou posse, e apesar de todos os vaiv\u00e9ns nas decis\u00f5es, como a envolvendo o Minist\u00e9rio da Cultura, havia uma boa vontade dos agentes econ\u00f4micos com o governo. O an\u00fancio da equipe chefiada por Henrique Meirelles se sobrep\u00f4s \u00e0s fragilidades do presidente. Agora, por\u00e9m, com um dos homens mais fortes do peemedebista na linha de tiro, j\u00e1 n\u00e3o se tem certeza do sucesso da empreitada do ministro da Fazenda de tirar o pa\u00eds do buraco.<\/p>\n<p>&nbsp;<\/p>\n<p>N\u00e3o foi por falta de aviso que Temer se machucou \u2014 e feio. Pouco antes de anunciar o minist\u00e9rio, ele foi aconselhado a n\u00e3o nomear auxiliares citados na Lava-Jato. Juc\u00e1, inclusive, aparecia como d\u00favida na lista que os auxiliares do presidente interino exibiam sobre o poss\u00edvel time do peemedebista. Prevaleceu, contudo, a vis\u00e3o de que os votos que Juc\u00e1 tem no Congresso seriam muito mais importantes do que a opini\u00e3o popular. Temer passou por cima de todos os pudores, se \u00e9 que ainda os t\u00eam, e se cercou de pol\u00edticos amigos, aos quais deve grandes favores. Est\u00e1 colhendo o que plantou.<\/p>\n<p>&nbsp;<\/p>\n<p><b>Retorno de Dilma<\/b><\/p>\n<p>&nbsp;<\/p>\n<p>Para um governo que precisa tomar medidas t\u00e3o duras, que mexem com privil\u00e9gios e expectativas de direito, \u00e9 inadmiss\u00edvel deixar brechas abertas para questionamentos, especialmente quanto ao car\u00e1ter de pessoas que est\u00e3o em postos-chaves. Juc\u00e1 j\u00e1 havia sido demitido do Minist\u00e9rio da Previd\u00eancia do governo Lula por suspeitas de corrup\u00e7\u00e3o. Responde a v\u00e1rios processos por desvios de dinheiro p\u00fablico e peculato. Mesmo com toda a ficha corrida, transitou com for\u00e7a pelos governos p\u00f3s-redemocratiza\u00e7\u00e3o. Em vez de cair, sempre se mostrou mais forte. Na administra\u00e7\u00e3o Temer, era pe\u00e7a-chave.<\/p>\n<p>&nbsp;<\/p>\n<p>Os investidores est\u00e3o at\u00f4nitos, como era de se esperar. Temem que o governo interino se desfa\u00e7a e a op\u00e7\u00e3o passe a ser o retorno de Dilma ao poder. Se quiser reverter o pessimismo que voltou a reinar no horizonte, Temer ter\u00e1 que mostrar toda a sua for\u00e7a para aprovar, ainda hoje, a nova meta fiscal, de deficit de at\u00e9 R$ 170,5 bilh\u00f5es neste ano. Tem, ainda, que apresentar um pacote consistente de medidas para reverter o caos nas contas p\u00fablicas e viabilizar as t\u00e3o esperadas reformas, como a da Previd\u00eancia Social. Ao menor sinal de fracasso, ver\u00e1 ruir o fr\u00e1gil apoio dos agentes econ\u00f4micos.<\/p>\n<p>&nbsp;<\/p>\n<p>O peemedebista j\u00e1 n\u00e3o \u00e9 visto mais como a esperan\u00e7a de um Brasil melhor. \u00c9 o que resta num quadro que beira o caos. \u00c9 preciso que ele d\u00ea certo para que todos cheguem vivos a 2018, quando poderemos eleger um novo comandante para o Brasil. O pa\u00eds fechar\u00e1 este ano com queda do Produto Interno Bruto (PIB) pr\u00f3xima de 4%. O tamanho exato ser\u00e1 definido pelos desdobramentos da pol\u00edtica. Apesar de mais fraco, Temer ainda tem condi\u00e7\u00f5es de impedir o desastre total, especialmente se Meirelles conseguir arrumar as contas p\u00fablicas e dar uma boa dire\u00e7\u00e3o ao ajuste.<\/p>\n<p>&nbsp;<\/p>\n<p><b>Jogo bruto<\/b><\/p>\n<p>&nbsp;<\/p>\n<p>Cl\u00e1udio Porto, presidente da consultoria Macroplan, diz que a desconfian\u00e7a em rela\u00e7\u00e3o ao sucesso de Temer \u00e9 grande. Pesquisa realizada pela empresa mostra que 36% dos entrevistados veem chances de o peemedebista n\u00e3o entregar o que prometeu. Ele ressalta que, na pol\u00edtica, o jogo \u00e9 bruto. \u00c9 uma guerra sem sangue. Sobreviver requer muita habilidade, o que o presidente interino n\u00e3o tem demonstrado desde que chegou ao Pal\u00e1cio do Planalto. Temer brincou com fogo ao levar Juc\u00e1 para uma \u00e1rea t\u00e3o estrat\u00e9gica, da qual depende o sucesso do governo.<\/p>\n<p>&nbsp;<\/p>\n<p>O presidente interino acredita que ainda \u00e9 poss\u00edvel juntar os cacos e evitar que o Congresso paralise o governo. Ontem mesmo, em meio \u00e0 crise provocada por Juc\u00e1, tratou de mapear o apoio que tem para liquidar faturas urgentes nesta semana. Ouviu de v\u00e1rios aliados que h\u00e1 clima para votar a meta fiscal, a despeito dos sobressaltos, e apresentar medidas de peso, como os projetos para limitar o crescimento dos gastos p\u00fablicos e para ampliar a desvincula\u00e7\u00e3o do Or\u00e7amento, a superDRU. N\u00e3o h\u00e1, por\u00e9m, como confiar em promessas. \u00c9 isso o que mais perturba investidores.<\/p>\n<p>&nbsp;<\/p>\n<p>Juc\u00e1, como se diz no Planalto, agora ser\u00e1 importante no Senado. Ele se licenciou do cargo de ministro para se defender das acusa\u00e7\u00f5es, mas \u00e9 certo que n\u00e3o voltar\u00e1 ao Planejamento. Por uma raz\u00e3o simples: n\u00e3o ter\u00e1 como provar sua inoc\u00eancia. A possibilidade de ele se encrencar ainda mais na Lava-Jato \u00e9 muito maior. Temer, que tamb\u00e9m \u00e9 citado na opera\u00e7\u00e3o que desvendou um esquema sem precedentes de corrup\u00e7\u00e3o na Petrobras, acordou menor hoje. Tomara que ainda haja tempo de estancar a sangria. O Brasil precisa de uma sa\u00edda urgente para a crise.<\/p>\n<p>&nbsp;<\/p>\n<p>Bras\u00edlia, 08h05min<\/p>\n","protected":false},"excerpt":{"rendered":"<p>O governo interino de Michel Temer ficou mais fraco ontem. A sa\u00edda de Romero Juc\u00e1 do Minist\u00e9rio do Planejamento, acusado de tramar a obstru\u00e7\u00e3o das investiga\u00e7\u00f5es da Lava-Jato, explicita o quanto o sucessor de Dilma Rousseff est\u00e1 vulner\u00e1vel \u00e0s den\u00fancias de corrup\u00e7\u00e3o. O risco de outros auxiliares de peso do peemedebista serem pegos aumentou consideravelmente. [&hellip;]<\/p>\n","protected":false},"author":22,"featured_media":0,"comment_status":"open","ping_status":"closed","sticky":false,"template":"","format":"standard","meta":{"wpb_read_more":[],"footnotes":""},"categories":[1],"tags":[],"class_list":["post-1101","post","type-post","status-publish","format-standard","hentry","category-sem-categoria"],"_links":{"self":[{"href":"https:\/\/blogs2.correiobraziliense.com.br\/vicente\/wp-json\/wp\/v2\/posts\/1101","targetHints":{"allow":["GET"]}}],"collection":[{"href":"https:\/\/blogs2.correiobraziliense.com.br\/vicente\/wp-json\/wp\/v2\/posts"}],"about":[{"href":"https:\/\/blogs2.correiobraziliense.com.br\/vicente\/wp-json\/wp\/v2\/types\/post"}],"author":[{"embeddable":true,"href":"https:\/\/blogs2.correiobraziliense.com.br\/vicente\/wp-json\/wp\/v2\/users\/22"}],"replies":[{"embeddable":true,"href":"https:\/\/blogs2.correiobraziliense.com.br\/vicente\/wp-json\/wp\/v2\/comments?post=1101"}],"version-history":[{"count":1,"href":"https:\/\/blogs2.correiobraziliense.com.br\/vicente\/wp-json\/wp\/v2\/posts\/1101\/revisions"}],"predecessor-version":[{"id":1102,"href":"https:\/\/blogs2.correiobraziliense.com.br\/vicente\/wp-json\/wp\/v2\/posts\/1101\/revisions\/1102"}],"wp:attachment":[{"href":"https:\/\/blogs2.correiobraziliense.com.br\/vicente\/wp-json\/wp\/v2\/media?parent=1101"}],"wp:term":[{"taxonomy":"category","embeddable":true,"href":"https:\/\/blogs2.correiobraziliense.com.br\/vicente\/wp-json\/wp\/v2\/categories?post=1101"},{"taxonomy":"post_tag","embeddable":true,"href":"https:\/\/blogs2.correiobraziliense.com.br\/vicente\/wp-json\/wp\/v2\/tags?post=1101"}],"curies":[{"name":"wp","href":"https:\/\/api.w.org\/{rel}","templated":true}]}}