{"id":1103,"date":"2016-05-24T09:05:58","date_gmt":"2016-05-24T12:05:58","guid":{"rendered":"https:\/\/blogs2.correiobraziliense.com.br\/vicente\/?p=1103"},"modified":"2016-05-24T08:20:50","modified_gmt":"2016-05-24T11:20:50","slug":"com-petista-no-comando-serpro-teve-prejuizo-de-r-245-milhoes-em-2015","status":"publish","type":"post","link":"https:\/\/blogs2.correiobraziliense.com.br\/vicente\/com-petista-no-comando-serpro-teve-prejuizo-de-r-245-milhoes-em-2015\/","title":{"rendered":"Com petista no comando, Serpro teve preju\u00edzo de R$ 245 milh\u00f5es em 2015"},"content":{"rendered":"<p>POR HAMILTON FERRARI<\/p>\n<p>&nbsp;<\/p>\n<p>A passagem de Marcos Mazoni pela presid\u00eancia do Serpro foi desastrosa, mostra balan\u00e7o da empresa. Em 2015, apesar de todos os contratos de exclusividade com a Uni\u00e3o na \u00e1rea de tecnologia, a estatal registrou preju\u00edzos de R$ 245,1 milh\u00f5es. A situa\u00e7\u00e3o est\u00e1 t\u00e3o confusa, que a companhia sequer sabe dizer o que ocorreu no ano anterior. O balan\u00e7o foi republicado, mas n\u00e3o se pode constatar se houve lucro ou preju\u00edzo.<\/p>\n<p>&nbsp;<\/p>\n<p>Em meio a dificuldades financeiras, o Serpro, vinculado ao Minist\u00e9rio da Fazenda, vive uma conturbada troca de gestores. O Di\u00e1rio Oficial da Uni\u00e3o trouxe ontem a nomea\u00e7\u00e3o de Maria da Gl\u00f3ria Guimar\u00e3es para a presid\u00eancia da estatal e a exonera\u00e7\u00e3o de Mazoni, que, no fim de semana,\u00a0disparou ofensas contra o governo do presidente interino, Michel Temer.<\/p>\n<p>&nbsp;<\/p>\n<p>\u201cEstou preocupado. Ainda n\u00e3o fui exonerado deste governo de canalhas\u201d e \u201cNenhum dos golpistas teve coragem de falar comigo. S\u00e3o golpistas e sem coragem. Vergonha do que fazem\u201d, afirmou Mazoni em sua conta do Twitter. Ele estava no comando da empresa desde maio de 2007.<\/p>\n<p>&nbsp;<\/p>\n<p>Gl\u00f3ria Guimar\u00e3es ocupou o cargo de diretora-superintendente, entre maio de 2015 e mar\u00e7o passado. Em mensagem publicada no site do Serpro ap\u00f3s assumir a presid\u00eancia, ela reconheceu que a empresa passa por dificuldades. \u201cNossa ideia \u00e9 atuar em parceria estreita com clientes e fornecedores para buscarmos as melhores solu\u00e7\u00f5es\u201d, escreveu. Em mar\u00e7o deste ano, a estatal atrasou o pagamento de pelo menos 72 fornecedores de suporte t\u00e9cnico, o que exp\u00f5e a rede de sites p\u00fablicos a hackers e falhas por falta de manuten\u00e7\u00e3o.<\/p>\n<p>&nbsp;<\/p>\n<p>O eSocial, que custou R$ 6,6 milh\u00f5es aos cofres p\u00fablicos, foi desenvolvido pela estatal e \u00e9 alvo de cr\u00edticas por problemas de acesso, entre outros. O programa tem a fun\u00e7\u00e3o de facilitar o cumprimento das obriga\u00e7\u00f5es empregat\u00edcias previstas na Emenda Constitucional n\u00ba 72, a \u201cPEC das Dom\u00e9sticas\u201d.<\/p>\n<p>&nbsp;<\/p>\n<p>Bras\u00edlia, 09h05min<\/p>\n","protected":false},"excerpt":{"rendered":"<p>POR HAMILTON FERRARI &nbsp; A passagem de Marcos Mazoni pela presid\u00eancia do Serpro foi desastrosa, mostra balan\u00e7o da empresa. Em 2015, apesar de todos os contratos de exclusividade com a Uni\u00e3o na \u00e1rea de tecnologia, a estatal registrou preju\u00edzos de R$ 245,1 milh\u00f5es. A situa\u00e7\u00e3o est\u00e1 t\u00e3o confusa, que a companhia sequer sabe dizer o [&hellip;]<\/p>\n","protected":false},"author":22,"featured_media":0,"comment_status":"open","ping_status":"closed","sticky":false,"template":"","format":"standard","meta":{"wpb_read_more":[],"footnotes":""},"categories":[1],"tags":[],"class_list":["post-1103","post","type-post","status-publish","format-standard","hentry","category-sem-categoria"],"_links":{"self":[{"href":"https:\/\/blogs2.correiobraziliense.com.br\/vicente\/wp-json\/wp\/v2\/posts\/1103","targetHints":{"allow":["GET"]}}],"collection":[{"href":"https:\/\/blogs2.correiobraziliense.com.br\/vicente\/wp-json\/wp\/v2\/posts"}],"about":[{"href":"https:\/\/blogs2.correiobraziliense.com.br\/vicente\/wp-json\/wp\/v2\/types\/post"}],"author":[{"embeddable":true,"href":"https:\/\/blogs2.correiobraziliense.com.br\/vicente\/wp-json\/wp\/v2\/users\/22"}],"replies":[{"embeddable":true,"href":"https:\/\/blogs2.correiobraziliense.com.br\/vicente\/wp-json\/wp\/v2\/comments?post=1103"}],"version-history":[{"count":1,"href":"https:\/\/blogs2.correiobraziliense.com.br\/vicente\/wp-json\/wp\/v2\/posts\/1103\/revisions"}],"predecessor-version":[{"id":1104,"href":"https:\/\/blogs2.correiobraziliense.com.br\/vicente\/wp-json\/wp\/v2\/posts\/1103\/revisions\/1104"}],"wp:attachment":[{"href":"https:\/\/blogs2.correiobraziliense.com.br\/vicente\/wp-json\/wp\/v2\/media?parent=1103"}],"wp:term":[{"taxonomy":"category","embeddable":true,"href":"https:\/\/blogs2.correiobraziliense.com.br\/vicente\/wp-json\/wp\/v2\/categories?post=1103"},{"taxonomy":"post_tag","embeddable":true,"href":"https:\/\/blogs2.correiobraziliense.com.br\/vicente\/wp-json\/wp\/v2\/tags?post=1103"}],"curies":[{"name":"wp","href":"https:\/\/api.w.org\/{rel}","templated":true}]}}