{"id":11045,"date":"2019-06-18T21:58:59","date_gmt":"2019-06-19T00:58:59","guid":{"rendered":"https:\/\/blogs2.correiobraziliense.com.br\/vicente\/?p=11045"},"modified":"2019-06-18T22:02:28","modified_gmt":"2019-06-19T01:02:28","slug":"guedes-promete-a-parlamentares-quebrar-monopolios-e-ampliar-competitividade","status":"publish","type":"post","link":"https:\/\/blogs2.correiobraziliense.com.br\/vicente\/guedes-promete-a-parlamentares-quebrar-monopolios-e-ampliar-competitividade\/","title":{"rendered":"Guedes promete a parlamentares quebrar monop\u00f3lios e ampliar competitividade"},"content":{"rendered":"<p><span style=\"font-weight: 400\">RODOLFO COSTA<\/span><\/p>\n<p><span style=\"font-weight: 400\">O governo est\u00e1 disposto a ampliar a competitividade entre os pequenos e grandes produtores no setor de bebidas. Em reuni\u00e3o nesta ter\u00e7a-feira (18\/9) entre o presidente Jair Bolsonaro, o ministro da Economia, Paulo Guedes, e a ministra da Agricultura, Tereza Cristina, com a Frente Parlamentar Mista em Defesa da Ind\u00fastria Brasileira de Bebidas, o governo acenou com a possibilidade de reduzir a zero o Imposto sobre Produto Industrializado (IPI) de xarope de refrigerantes produzido na Zona Franca de Manaus. A al\u00edquota atual \u00e9 de 12% e sua fixa\u00e7\u00e3o \u00e9 de responsabilidade do presidente da Rep\u00fablica, por meio de decreto. <\/span><\/p>\n<p>&nbsp;<\/p>\n<p><span style=\"font-weight: 400\">Os parlamentares que estiveram na reuni\u00e3o sa\u00edram animados. \u201cO pr\u00f3prio Guedes disse que deseja quebrar os grandes monop\u00f3lios e duop\u00f3lios\u201d, disse ao <\/span><b>Blog<\/b><span style=\"font-weight: 400\"> um deputado presente no encontro. A Coca-Cola e a AmBev, duas gigantes do setor de bebidas, pleiteiam que a al\u00edquota volte a ser de 20%, como era antes de o ex-presidente Michel Temer revisar a taxa para 12%. A medida do emedebista prev\u00ea um escalonamento semestral. No segundo semestre deste ano, ir\u00e1 a 8% e, a partir de janeiro de 2020, ser\u00e1 de 4%. <\/span><\/p>\n<p>&nbsp;<\/p>\n<p><span style=\"font-weight: 400\">A Frente Parlamentar em Defesa da Ind\u00fastria Brasileira de Bebidas, presidida pelo deputado Fausto Pinato (PP-SP), planeja uma redu\u00e7\u00e3o da al\u00edquota para 0% ainda este ano. A bancada tem\u00e1tica pondera que seria ben\u00e9fico para os demais produtores. As gigantes do setor, sustenta a frente, podem reverter o IPI que deveriam pagar sobre o xarope de refrigerante em cr\u00e9dito tribut\u00e1rio, que usam para diminuir o custo na produ\u00e7\u00e3o da cerveja e obter pre\u00e7os mais competitivos do que os de produtores nacionais. <\/span><\/p>\n<p>&nbsp;<\/p>\n<p><b>Competitividade<\/b><\/p>\n<p><span style=\"font-weight: 400\">O governo, no entanto, n\u00e3o garantiu que ir\u00e1 reduzir a 0%. Ainda assim, o gesto foi comemorado, uma vez que estudos apontam que a al\u00edquota a 4% representaria para o Tesouro um ganho de arrecada\u00e7\u00e3o de cerca de R$ 1,8 bilh\u00e3o a mais por ano.\u00a0<\/span><span style=\"font-weight: 400\">\u201cO ministro se prontificou a estudar e falou que o certo seria isso (zerar), mas voltar ao que era n\u00e3o vai voltar. Pediu para o Marcos Cintra (secret\u00e1rio especial da Receita Federal) estudar o assunto\u201d, explicou um parlamentar da frente.<\/span><\/p>\n<p>&nbsp;<\/p>\n<p><span style=\"font-weight: 400\">De toda forma, acelerar a redu\u00e7\u00e3o da al\u00edquota gera a possibilidade de amplia\u00e7\u00e3o da competitividade, de modo que as multinacionais tenham menos margem de manobra para as opera\u00e7\u00f5es em cr\u00e9dito tribut\u00e1rio. No entendimento de frente, a redu\u00e7\u00e3o da taxa pode favorecer o aumento da arrecada\u00e7\u00e3o com recolhimento das gigantes do setor aos pequenos produtores.<\/span><\/p>\n<p>&nbsp;<\/p>\n<p><span style=\"font-weight: 400\">\u201cSentimos grande receptividade do presidente Bolsonaro e dos ministros, que se mostraram sens\u00edveis aos nossos argumentos pelo fim do monop\u00f3lio e das vantagens competitivas para as grandes multinacionais. A redu\u00e7\u00e3o do IPI permitir\u00e1 que que o setor seja mais competitivo, beneficiando produtores, todo setor atacadista e varejista e, principalmente, os consumidores, que poder\u00e3o contar com pre\u00e7os menores nos estabelecimentos\u201d, avaliou o Pinato.<\/span><\/p>\n","protected":false},"excerpt":{"rendered":"<p>RODOLFO COSTA O governo est\u00e1 disposto a ampliar a competitividade entre os pequenos e grandes produtores no setor de bebidas. Em reuni\u00e3o nesta ter\u00e7a-feira (18\/9) entre o presidente Jair Bolsonaro, o ministro da Economia, Paulo Guedes, e a ministra da Agricultura, Tereza Cristina, com a Frente Parlamentar Mista em Defesa da Ind\u00fastria Brasileira de Bebidas, [&hellip;]<\/p>\n","protected":false},"author":22,"featured_media":11046,"comment_status":"open","ping_status":"closed","sticky":false,"template":"","format":"standard","meta":{"wpb_read_more":[],"footnotes":""},"categories":[600],"tags":[2554,3948,3909,3616,3947,3949],"class_list":["post-11045","post","type-post","status-publish","format-standard","has-post-thumbnail","hentry","category-economia","tag-bolsonaro","tag-duopolios","tag-fausto-pinato","tag-guedes","tag-monopolios","tag-zona-franca-de-manaus"],"_links":{"self":[{"href":"https:\/\/blogs2.correiobraziliense.com.br\/vicente\/wp-json\/wp\/v2\/posts\/11045","targetHints":{"allow":["GET"]}}],"collection":[{"href":"https:\/\/blogs2.correiobraziliense.com.br\/vicente\/wp-json\/wp\/v2\/posts"}],"about":[{"href":"https:\/\/blogs2.correiobraziliense.com.br\/vicente\/wp-json\/wp\/v2\/types\/post"}],"author":[{"embeddable":true,"href":"https:\/\/blogs2.correiobraziliense.com.br\/vicente\/wp-json\/wp\/v2\/users\/22"}],"replies":[{"embeddable":true,"href":"https:\/\/blogs2.correiobraziliense.com.br\/vicente\/wp-json\/wp\/v2\/comments?post=11045"}],"version-history":[{"count":3,"href":"https:\/\/blogs2.correiobraziliense.com.br\/vicente\/wp-json\/wp\/v2\/posts\/11045\/revisions"}],"predecessor-version":[{"id":11049,"href":"https:\/\/blogs2.correiobraziliense.com.br\/vicente\/wp-json\/wp\/v2\/posts\/11045\/revisions\/11049"}],"wp:featuredmedia":[{"embeddable":true,"href":"https:\/\/blogs2.correiobraziliense.com.br\/vicente\/wp-json\/wp\/v2\/media\/11046"}],"wp:attachment":[{"href":"https:\/\/blogs2.correiobraziliense.com.br\/vicente\/wp-json\/wp\/v2\/media?parent=11045"}],"wp:term":[{"taxonomy":"category","embeddable":true,"href":"https:\/\/blogs2.correiobraziliense.com.br\/vicente\/wp-json\/wp\/v2\/categories?post=11045"},{"taxonomy":"post_tag","embeddable":true,"href":"https:\/\/blogs2.correiobraziliense.com.br\/vicente\/wp-json\/wp\/v2\/tags?post=11045"}],"curies":[{"name":"wp","href":"https:\/\/api.w.org\/{rel}","templated":true}]}}