{"id":1105,"date":"2016-05-24T11:57:10","date_gmt":"2016-05-24T14:57:10","guid":{"rendered":"https:\/\/blogs2.correiobraziliense.com.br\/vicente\/?p=1105"},"modified":"2016-05-24T11:57:10","modified_gmt":"2016-05-24T14:57:10","slug":"justica-libera-reajuste-de-3755-nos-planos-de-saude-de-servidores","status":"publish","type":"post","link":"https:\/\/blogs2.correiobraziliense.com.br\/vicente\/justica-libera-reajuste-de-3755-nos-planos-de-saude-de-servidores\/","title":{"rendered":"Justi\u00e7a libera reajuste de 37,55% nos planos de sa\u00fade de servidores"},"content":{"rendered":"<p>A Geap, empresa que administra o plano de sa\u00fade dos servidores, conseguiu derrubar na Justi\u00e7a pelo menos 120 processos que impediam aumento de 37,55% nos conv\u00eanios. Com isso, praticamente todos os planos ser\u00e3o corrigidos retroativamente. Questionado, o Superior Tribunal de Justi\u00e7a (STJ) entendeu que o reajuste \u00e9 legal. Ou seja, n\u00e3o \u00e9 abusivo nem fere a lei, como alegam os benefici\u00e1rios dos planos.<\/p>\n<p>&nbsp;<\/p>\n<p>Nas mais de 100 decis\u00f5es regionais favor\u00e1veis \u00e0 operadora, os magistrados entenderam que o aumento est\u00e1 previsto na Resolu\u00e7\u00e3o n\u00famero 99 da Geap. Na vis\u00e3o dos ju\u00edzes, \u00e9 l\u00edcito o reajuste de mensalidades de contratos de planos de sa\u00fade \u201cmotivados pela mudan\u00e7a de faixa et\u00e1ria e pela remunera\u00e7\u00e3o do associado titular, desde que esteja previsto no contrato e seja proporcional \u00e0s circunst\u00e2ncias do caso concreto\u201d.<\/p>\n<p>&nbsp;<\/p>\n<p>Segundo o advogado Leandro Daroit, do escrit\u00f3rio Nelson Wilians &amp; Advogados Associados, que representa a Geap na Justi\u00e7a, o aumento dos planos de sa\u00fade foi fixado em \u201cestrito cumprimento da lei\u201d, sendo aprovado pelo Conselho de Administra\u00e7\u00e3o e embasado em estudo que considerou uma s\u00e9rie de vari\u00e1veis. \u201cAs mensalidades foram determinadas de acordo com c\u00e1lculo atuarial, considerando-se uma s\u00e9rie de fatores econ\u00f4micos e financeiros, sendo certo que, se afastado o aumento, seria gerado um impacto econ\u00f4mico desvantajoso, impedindo a Geap de captar receitas necess\u00e1rias para sua manuten\u00e7\u00e3o econ\u00f4mica, ocasionando um preju\u00edzo para toda coletividade, ou seja, aos 600 mil benefici\u00e1rios\u201d, diz.<\/p>\n<p>&nbsp;<\/p>\n<p><em>Bras\u00edlia, 11h56min<\/em><\/p>\n","protected":false},"excerpt":{"rendered":"<p>A Geap, empresa que administra o plano de sa\u00fade dos servidores, conseguiu derrubar na Justi\u00e7a pelo menos 120 processos que impediam aumento de 37,55% nos conv\u00eanios. Com isso, praticamente todos os planos ser\u00e3o corrigidos retroativamente. Questionado, o Superior Tribunal de Justi\u00e7a (STJ) entendeu que o reajuste \u00e9 legal. Ou seja, n\u00e3o \u00e9 abusivo nem fere [&hellip;]<\/p>\n","protected":false},"author":22,"featured_media":0,"comment_status":"open","ping_status":"closed","sticky":false,"template":"","format":"standard","meta":{"wpb_read_more":[],"footnotes":""},"categories":[1],"tags":[],"class_list":["post-1105","post","type-post","status-publish","format-standard","hentry","category-sem-categoria"],"_links":{"self":[{"href":"https:\/\/blogs2.correiobraziliense.com.br\/vicente\/wp-json\/wp\/v2\/posts\/1105","targetHints":{"allow":["GET"]}}],"collection":[{"href":"https:\/\/blogs2.correiobraziliense.com.br\/vicente\/wp-json\/wp\/v2\/posts"}],"about":[{"href":"https:\/\/blogs2.correiobraziliense.com.br\/vicente\/wp-json\/wp\/v2\/types\/post"}],"author":[{"embeddable":true,"href":"https:\/\/blogs2.correiobraziliense.com.br\/vicente\/wp-json\/wp\/v2\/users\/22"}],"replies":[{"embeddable":true,"href":"https:\/\/blogs2.correiobraziliense.com.br\/vicente\/wp-json\/wp\/v2\/comments?post=1105"}],"version-history":[{"count":1,"href":"https:\/\/blogs2.correiobraziliense.com.br\/vicente\/wp-json\/wp\/v2\/posts\/1105\/revisions"}],"predecessor-version":[{"id":1106,"href":"https:\/\/blogs2.correiobraziliense.com.br\/vicente\/wp-json\/wp\/v2\/posts\/1105\/revisions\/1106"}],"wp:attachment":[{"href":"https:\/\/blogs2.correiobraziliense.com.br\/vicente\/wp-json\/wp\/v2\/media?parent=1105"}],"wp:term":[{"taxonomy":"category","embeddable":true,"href":"https:\/\/blogs2.correiobraziliense.com.br\/vicente\/wp-json\/wp\/v2\/categories?post=1105"},{"taxonomy":"post_tag","embeddable":true,"href":"https:\/\/blogs2.correiobraziliense.com.br\/vicente\/wp-json\/wp\/v2\/tags?post=1105"}],"curies":[{"name":"wp","href":"https:\/\/api.w.org\/{rel}","templated":true}]}}