{"id":11080,"date":"2019-06-25T09:35:30","date_gmt":"2019-06-25T12:35:30","guid":{"rendered":"https:\/\/blogs2.correiobraziliense.com.br\/vicente\/?p=11080"},"modified":"2019-06-25T09:35:30","modified_gmt":"2019-06-25T12:35:30","slug":"oposicao-vai-encampar-distorcoes-em-modelos-praticos-para-atacar-reforma-da-previdencia","status":"publish","type":"post","link":"https:\/\/blogs2.correiobraziliense.com.br\/vicente\/oposicao-vai-encampar-distorcoes-em-modelos-praticos-para-atacar-reforma-da-previdencia\/","title":{"rendered":"Oposi\u00e7\u00e3o vai encampar distor\u00e7\u00f5es em modelos pr\u00e1ticos para atacar reforma da Previd\u00eancia"},"content":{"rendered":"<p><span style=\"font-weight: 400\">RODOLFO COSTA<\/span><\/p>\n<p><span style=\"font-weight: 400\">A oposi\u00e7\u00e3o vai partir para o tudo ou nada na tentativa de desqualificar a reforma da Previd\u00eancia. Mas, se perderem a guerra, v\u00e3o cair atirando. Os opositores divulgam \u00e0s 11h desta ter\u00e7a-feira (25\/6), na C\u00e2mara, um estudo da equipe comandada pela economista Denise Gentil, professora da Universidade Federal do Rio de Janeiro (UFRJ), que aponta para distor\u00e7\u00f5es pr\u00e1ticas do que a Proposta de Emenda \u00e0 Constitui\u00e7\u00e3o (PEC) 6\/2019 prop\u00f5e na teoria fria da moderniza\u00e7\u00e3o previdenci\u00e1ria. Por exemplo, a especialista sustenta que, em vez de os homens se aposentarem aos 65 anos, como sustenta o substitutivo, na verdade, eles se aposentar\u00e3o, em m\u00e9dia, com 76,8 anos.\u00a0<\/span><\/p>\n<p>&nbsp;<\/p>\n<p><span style=\"font-weight: 400\">O estudo leva em considera\u00e7\u00e3o que os trabalhadores que atualmente se aposentam por idade s\u00f3 conseguem contribuir, em m\u00e9dia, 5,1 parcelas por ano, em fun\u00e7\u00e3o do elevado desemprego, informalidade e baixos sal\u00e1rios. \u201cAssim, ao elevar tal tempo de contribui\u00e7\u00e3o para 20 anos (240 parcelas de contribui\u00e7\u00e3o), o governo obriga os trabalhadores a continuarem no mercado, em m\u00e9dia, por mais 11,8 anos para alcan\u00e7ar os cinco anos adicionais de contribui\u00e7\u00e3o exigidos pela PEC. 60 parcelas de contribui\u00e7\u00e3o\u201d, sustenta trecho obtido com exclusividade pelo <\/span><b>Blog<\/b><span style=\"font-weight: 400\">. Homens que completam 65 anos de idade, tendo 15 anos de contribui\u00e7\u00e3o, com a reforma, ter\u00e3o que continuar trabalhando at\u00e9 alcan\u00e7ar, em m\u00e9dia, os 76,8 anos.<\/span><\/p>\n<p>&nbsp;<\/p>\n<p><span style=\"font-weight: 400\">A Associa\u00e7\u00e3o Nacional dos Auditores Fiscais da Previd\u00eancia Social (Anfip) contribui com o estudo. A entidade far\u00e1 a edi\u00e7\u00e3o de uma nota t\u00e9cnica com alguns ajustes de texto. A minuta, obtida pelo <\/span><b>Blog<\/b><span style=\"font-weight: 400\">, ressalta que, no caso das mulheres, o cen\u00e1rio \u00e9 pior. Elas contribuem, em m\u00e9dia, com 4,7 parcelas por ano. Portanto, teriam teriam que trabalhar por mais 12,8 anos para alcan\u00e7ar a nova exig\u00eancia prevista pela reforma. \u201cAssim, a sua idade real de aposentadoria subiria de 60 para 74,8 anos. Se essa mulher conseguisse se aposentar com esta idade &#8212; o que \u00e9 improv\u00e1vel &#8211;, somente teria direito ao valor de 61% do seu sal\u00e1rio de contribui\u00e7\u00e3o\u201d, informa a nota t\u00e9cnica.\u00a0<\/span><\/p>\n<p>&nbsp;<\/p>\n<p><span style=\"font-weight: 400\">Os modelos matem\u00e1ticos de proje\u00e7\u00e3o utilizados pelo governo foram auditados levando em considera\u00e7\u00e3o dados de 2016. Os resultados identificados pelo estudo em 2019 apontam para aus\u00eancia da mem\u00f3ria de c\u00e1lculo, ou seja, um conjunto completo de planilhas que implementam o modelo. E os par\u00e2metros usados nas simula\u00e7\u00f5es do governo, presentes na Lei de Diretrizes Or\u00e7ament\u00e1rias (LDO) 2020 estariam apenas parcialmente dispon\u00edveis. \u201cE, mais grave: o modelo de proje\u00e7\u00e3o, como disponibilizado pelo governo, n\u00e3o \u00e9 operacional. E, portanto, n\u00e3o pode ser replicado por auditores independentes\u201d, critica a nota t\u00e9cnica.\u00a0<\/span><\/p>\n<p>&nbsp;<\/p>\n<p><b>Desequil\u00edbrio<\/b><\/p>\n<p><span style=\"font-weight: 400\">O estudo aponta, ainda, que, dos homens que se aposentaram por idade em 2016, 56,6% n\u00e3o teriam conseguido se aposentar com as regras da PEC 6, por insufici\u00eancia do tempo de contribui\u00e7\u00e3o. \u201cEnquanto que, para as mulheres, o percentual alcan\u00e7a 98,69%\u201d, destaca o material. O mesmo se aplica aos aposentados rurais e professores, em que os percentuais de exclus\u00e3o sobem com as regras da PEC, sendo 56,6% para homens e 98,45% para mulheres, no caso dos rurais, e de 90,44% para homens e 97,96% no caso de professores.<\/span><\/p>\n<p>&nbsp;<\/p>\n<p><span style=\"font-weight: 400\">Na regi\u00e3o Norte e Nordeste, onde a expectativa de vida, alega o estudo de Gentil, \u00e9 de 69,43 anos para os homens e de 69,77 anos para as mulheres, \u00e9 onde mais se evidencia, no entendimento da acad\u00eamica, o \u201ctotal desequil\u00edbrio\u201d entre a reforma e a realidade de vida dos trabalhadores. As mulheres, por sinal, a economista que prev\u00ea que ser\u00e3o mais atingidas que os homens. \u201cVisto que, para as mulheres que se aposentam por idade na regra atual, a propor\u00e7\u00e3o de aposentadorias postergadas \u00e9 de 74,82%.<\/span><\/p>\n","protected":false},"excerpt":{"rendered":"<p>RODOLFO COSTA A oposi\u00e7\u00e3o vai partir para o tudo ou nada na tentativa de desqualificar a reforma da Previd\u00eancia. Mas, se perderem a guerra, v\u00e3o cair atirando. Os opositores divulgam \u00e0s 11h desta ter\u00e7a-feira (25\/6), na C\u00e2mara, um estudo da equipe comandada pela economista Denise Gentil, professora da Universidade Federal do Rio de Janeiro (UFRJ), [&hellip;]<\/p>\n","protected":false},"author":22,"featured_media":0,"comment_status":"open","ping_status":"closed","sticky":false,"template":"","format":"standard","meta":{"wpb_read_more":[],"footnotes":""},"categories":[600],"tags":[3955,3956,3954,429,614],"class_list":["post-11080","post","type-post","status-publish","format-standard","hentry","category-economia","tag-anfip","tag-denise-gentil","tag-oposicao","tag-previdencia","tag-reforma"],"_links":{"self":[{"href":"https:\/\/blogs2.correiobraziliense.com.br\/vicente\/wp-json\/wp\/v2\/posts\/11080","targetHints":{"allow":["GET"]}}],"collection":[{"href":"https:\/\/blogs2.correiobraziliense.com.br\/vicente\/wp-json\/wp\/v2\/posts"}],"about":[{"href":"https:\/\/blogs2.correiobraziliense.com.br\/vicente\/wp-json\/wp\/v2\/types\/post"}],"author":[{"embeddable":true,"href":"https:\/\/blogs2.correiobraziliense.com.br\/vicente\/wp-json\/wp\/v2\/users\/22"}],"replies":[{"embeddable":true,"href":"https:\/\/blogs2.correiobraziliense.com.br\/vicente\/wp-json\/wp\/v2\/comments?post=11080"}],"version-history":[{"count":1,"href":"https:\/\/blogs2.correiobraziliense.com.br\/vicente\/wp-json\/wp\/v2\/posts\/11080\/revisions"}],"predecessor-version":[{"id":11081,"href":"https:\/\/blogs2.correiobraziliense.com.br\/vicente\/wp-json\/wp\/v2\/posts\/11080\/revisions\/11081"}],"wp:attachment":[{"href":"https:\/\/blogs2.correiobraziliense.com.br\/vicente\/wp-json\/wp\/v2\/media?parent=11080"}],"wp:term":[{"taxonomy":"category","embeddable":true,"href":"https:\/\/blogs2.correiobraziliense.com.br\/vicente\/wp-json\/wp\/v2\/categories?post=11080"},{"taxonomy":"post_tag","embeddable":true,"href":"https:\/\/blogs2.correiobraziliense.com.br\/vicente\/wp-json\/wp\/v2\/tags?post=11080"}],"curies":[{"name":"wp","href":"https:\/\/api.w.org\/{rel}","templated":true}]}}