{"id":11082,"date":"2019-06-25T10:25:53","date_gmt":"2019-06-25T13:25:53","guid":{"rendered":"https:\/\/blogs2.correiobraziliense.com.br\/vicente\/?p=11082"},"modified":"2019-06-25T12:54:12","modified_gmt":"2019-06-25T15:54:12","slug":"maia-apadrinha-policiais-e-engata-dialogos-sobre-isonomia-previdenciaria-com-militares","status":"publish","type":"post","link":"https:\/\/blogs2.correiobraziliense.com.br\/vicente\/maia-apadrinha-policiais-e-engata-dialogos-sobre-isonomia-previdenciaria-com-militares\/","title":{"rendered":"Maia apadrinha policiais e engata di\u00e1logos sobre isonomia previdenci\u00e1ria com militares"},"content":{"rendered":"<h2>RODOLFO COSTA<\/h2>\n<h2>O presidente da C\u00e2mara, Rodrigo Maia (DEM-RJ), n\u00e3o caiu nas provoca\u00e7\u00f5es feitas pelo presidente Jair Bolsonaro e respondeu com classe e estrat\u00e9gia as cr\u00edticas de que o Parlamento quer torn\u00e1-lo &#8220;uma rainha da Inglaterra&#8221;. Sem precisar responder na mesma moeda, com uma postura de confronto, o demista recebeu, na segunda-feira (25\/6), na Resid\u00eancia Oficial da Presid\u00eancia da Casa, representantes da Pol\u00edcia Civil, Pol\u00edcia Federal (PF) e Pol\u00edcia Rodovi\u00e1ria Federal (PRF) para discutir a isonomia da aposentadoria das categorias em rela\u00e7\u00e3o aos policiais militares e oficiais das For\u00e7as Armadas.<\/h2>\n<p dir=\"ltr\"><a href=\"https:\/\/blogs2.correiobraziliense.com.br\/vicente\/wp-content\/uploads\/sites\/16\/2019\/04\/RodrigoMaia.jpeg\"><img loading=\"lazy\" decoding=\"async\" class=\"wp-image-10387 alignleft\" src=\"https:\/\/blogs2.correiobraziliense.com.br\/vicente\/wp-content\/uploads\/sites\/16\/2019\/04\/RodrigoMaia-1024x684.jpeg\" alt=\"\" width=\"621\" height=\"415\" srcset=\"https:\/\/blogs2.correiobraziliense.com.br\/vicente\/wp-content\/uploads\/sites\/16\/2019\/04\/RodrigoMaia-1024x684.jpeg 1024w, https:\/\/blogs2.correiobraziliense.com.br\/vicente\/wp-content\/uploads\/sites\/16\/2019\/04\/RodrigoMaia-300x200.jpeg 300w, https:\/\/blogs2.correiobraziliense.com.br\/vicente\/wp-content\/uploads\/sites\/16\/2019\/04\/RodrigoMaia-768x513.jpeg 768w, https:\/\/blogs2.correiobraziliense.com.br\/vicente\/wp-content\/uploads\/sites\/16\/2019\/04\/RodrigoMaia-350x234.jpeg 350w, https:\/\/blogs2.correiobraziliense.com.br\/vicente\/wp-content\/uploads\/sites\/16\/2019\/04\/RodrigoMaia-550x368.jpeg 550w, https:\/\/blogs2.correiobraziliense.com.br\/vicente\/wp-content\/uploads\/sites\/16\/2019\/04\/RodrigoMaia-230x154.jpeg 230w, https:\/\/blogs2.correiobraziliense.com.br\/vicente\/wp-content\/uploads\/sites\/16\/2019\/04\/RodrigoMaia.jpeg 1070w\" sizes=\"auto, (max-width: 621px) 100vw, 621px\" \/><\/a><\/p>\n<p dir=\"ltr\">Politicamente, o movimento de Maia foi um tiro certeiro, avaliam aliados. Tudo foi feito com base no di\u00e1logo entre ambas as partes, sem press\u00e3o. Afinal, eles se sentem tra\u00eddos pelo governo. Em Maia, os policiais passaram a v\u00ea-lo como aliado. Antes do envio da reforma da Previd\u00eancia, o Planalto sinalizou que as categorias teriam um regime diferenciado de aposentadoria. As\u00a0categorias buscaram o ent\u00e3o secret\u00e1rio-executivo da Casa Civil, Abraham Weintraub, atual ministro da Educa\u00e7\u00e3o, e ouviram dele que as aposentadorias dos agentes das for\u00e7as auxiliares de seguran\u00e7a p\u00fablica seriam tratadas em um texto \u00e0 parte da Proposta de Emenda \u00e0 Constitui\u00e7\u00e3o (PEC) 6\/2019. No entanto, n\u00e3o foi isso o que aconteceu.<\/p>\n<p dir=\"ltr\">O governo, no entanto, descumpriu a promessa. A reforma da Previd\u00eancia prev\u00ea 55 anos de idade m\u00ednima para ambos os sexos e 25 anos de contribui\u00e7\u00e3o, no caso das mulheres, e 30 anos para homens. Al\u00e9m disso, estabelece 15 anos de exerc\u00edcio em cargo para mulheres e 20 anos para homens. Mais recentemente, em reuni\u00e3o com policiais federais, Bolsonaro ordenou \u00e0s lideran\u00e7as do governo no Congresso e os ministros da Casa Civil, Onyx Lorenzoni, e da Economia, Paulo Guedes, que atendessem ao pleito dos policiais e negociassem a isonomia das aposentadorias com os militares. Nada ocorreu.<\/p>\n<p dir=\"ltr\"><strong>Sucateamento<\/strong><\/p>\n<p dir=\"ltr\">Desamparados pelo governo, encontraram amparo no Parlamento. Os deputados Luis Miranda (DEM-DF), Alan Rick (DEM-AC), Expedito Netto (PSD-RO e Hugo Leal (PSD-RJ) foram alguns que intercederam a favor dos policiais e apresentaram \u00e0 Comiss\u00e3o Especial da reforma da Previd\u00eancia emendas para garantir a paridade das aposentadorias.\u00a0C\u00e1lculos feitos por essas classes apontam um impacto de R$ 2 bilh\u00f5es em 10 anos. Ou seja, a economia prevista no substitutivo do relator, Samuel Moreira (PSDB-SP), reduziria de R$ 915 bilh\u00f5es para R$ 913 bilh\u00f5es. Para as pol\u00edcias, \u00e9 um pre\u00e7o pequeno a se pagar para evitar o sucateamento humano das for\u00e7as auxiliares de seguran\u00e7a p\u00fablica.<\/p>\n<p dir=\"ltr\">As contas ser\u00e3o testadas por economistas ligados a Maia. Batendo os n\u00fameros, a propens\u00e3o do demista \u00e9 encampar a emenda 41, do deputado Luis Miranda (DEM-DF), respons\u00e1vel por ter levado ontem os policiais ao presidente da C\u00e2mara. O dispositivo mant\u00e9m as regras atuais. Hoje, os policiais se aposentam sem idade m\u00ednima e com contribui\u00e7\u00e3o de 30 anos para homens, com 20 de exerc\u00edcio, e 25 para mulheres, com 15 de exerc\u00edcio. Antes do envio da reforma da Previd\u00eancia para a C\u00e2mara. &#8220;O que propus n\u00e3o \u00e9 nada mais do que Justi\u00e7a em igualar as aposentadorias com o que foi oferecido aos militares. Quem est\u00e1 na rua sendo amea\u00e7ado todos os dias e lutando pela nossa seguran\u00e7a p\u00fablica s\u00e3o eles&#8221;, sustentou o parlamentar.<\/p>\n<p dir=\"ltr\"><strong>Simbolismo<\/strong><\/p>\n<p dir=\"ltr\">Por isso, o gesto de Maia tem um simbolismo pol\u00edtico preponderante, reconhecido at\u00e9 por lideran\u00e7as entre os policiais. &#8220;Grande parte est\u00e1 taxando o governo de traidor\u201d, admitiu o presidente da Federa\u00e7\u00e3o Nacional dos Policiais Federais (Fenapef), Lu\u00eds Boudens. Em toda a reforma da Previd\u00eancia, os policiais s\u00e3o as \u00fanicas categorias que n\u00e3o s\u00e3o diferenciadas em g\u00eanero. A pens\u00e3o p\u00f3s-morte, que para os militares se manter\u00e1 integral, para os policiais, ser\u00e1 reduzido \u00e0 metade. &#8220;Como n\u00f3s podemos nos dedicar da mesma forma se criam distor\u00e7\u00f5es como essas? A categoria se sente tra\u00edda, e, em parte, eu tamb\u00e9m. Mas falo de uma trai\u00e7\u00e3o do governo como um todo. A imposi\u00e7\u00e3o da equipe econ\u00f4mica sobre o presidente est\u00e1 prevalecendo e o ministro Moro (da Justi\u00e7a) est\u00e1 se isolando junto \u00e0s bases da PF e PRF\u201d, acrescentou.<\/p>\n<p>Sem ser pressionado, o presidente da C\u00e2mara basicamente apadrinhou as categorias policiais, o que, politicamente, \u00e9 um trunfo poderoso. \u201cMaia mostrou hoje (ontem) uma sensibilidade que o governo n\u00e3o demonstrou. O sentimento em rela\u00e7\u00e3o ao governo, eleito com a pauta da seguran\u00e7a p\u00fablica, \u00e9 de desprest\u00edgio e trai\u00e7\u00e3o com quem o apoiou. Vemos um governo preocupado em apresentar pautas de aumento da puni\u00e7\u00e3o, mas esquece do lado humano\u201d, criticou Rafael Sampaio, presidente das Associa\u00e7\u00f5es Nacionais dos Delegados de Pol\u00edcia Judici\u00e1ria (ADPJ).<\/p>\n","protected":false},"excerpt":{"rendered":"<p>RODOLFO COSTA O presidente da C\u00e2mara, Rodrigo Maia (DEM-RJ), n\u00e3o caiu nas provoca\u00e7\u00f5es feitas pelo presidente Jair Bolsonaro e respondeu com classe e estrat\u00e9gia as cr\u00edticas de que o Parlamento quer torn\u00e1-lo &#8220;uma rainha da Inglaterra&#8221;. Sem precisar responder na mesma moeda, com uma postura de confronto, o demista recebeu, na segunda-feira (25\/6), na Resid\u00eancia [&hellip;]<\/p>\n","protected":false},"author":22,"featured_media":11083,"comment_status":"open","ping_status":"closed","sticky":false,"template":"","format":"standard","meta":{"wpb_read_more":[],"footnotes":""},"categories":[600],"tags":[2554,2590,2673,2491,772,429,614],"class_list":["post-11082","post","type-post","status-publish","format-standard","has-post-thumbnail","hentry","category-economia","tag-bolsonaro","tag-civis","tag-federais","tag-maia","tag-policiais","tag-previdencia","tag-reforma"],"_links":{"self":[{"href":"https:\/\/blogs2.correiobraziliense.com.br\/vicente\/wp-json\/wp\/v2\/posts\/11082","targetHints":{"allow":["GET"]}}],"collection":[{"href":"https:\/\/blogs2.correiobraziliense.com.br\/vicente\/wp-json\/wp\/v2\/posts"}],"about":[{"href":"https:\/\/blogs2.correiobraziliense.com.br\/vicente\/wp-json\/wp\/v2\/types\/post"}],"author":[{"embeddable":true,"href":"https:\/\/blogs2.correiobraziliense.com.br\/vicente\/wp-json\/wp\/v2\/users\/22"}],"replies":[{"embeddable":true,"href":"https:\/\/blogs2.correiobraziliense.com.br\/vicente\/wp-json\/wp\/v2\/comments?post=11082"}],"version-history":[{"count":5,"href":"https:\/\/blogs2.correiobraziliense.com.br\/vicente\/wp-json\/wp\/v2\/posts\/11082\/revisions"}],"predecessor-version":[{"id":11093,"href":"https:\/\/blogs2.correiobraziliense.com.br\/vicente\/wp-json\/wp\/v2\/posts\/11082\/revisions\/11093"}],"wp:featuredmedia":[{"embeddable":true,"href":"https:\/\/blogs2.correiobraziliense.com.br\/vicente\/wp-json\/wp\/v2\/media\/11083"}],"wp:attachment":[{"href":"https:\/\/blogs2.correiobraziliense.com.br\/vicente\/wp-json\/wp\/v2\/media?parent=11082"}],"wp:term":[{"taxonomy":"category","embeddable":true,"href":"https:\/\/blogs2.correiobraziliense.com.br\/vicente\/wp-json\/wp\/v2\/categories?post=11082"},{"taxonomy":"post_tag","embeddable":true,"href":"https:\/\/blogs2.correiobraziliense.com.br\/vicente\/wp-json\/wp\/v2\/tags?post=11082"}],"curies":[{"name":"wp","href":"https:\/\/api.w.org\/{rel}","templated":true}]}}