{"id":111,"date":"2015-06-18T00:10:00","date_gmt":"2015-06-18T03:10:00","guid":{"rendered":"https:\/\/blogs2.correiobraziliense.com.br\/vicente\/pressao_a_vista\/"},"modified":"2015-06-18T00:10:00","modified_gmt":"2015-06-18T03:10:00","slug":"pressao_a_vista","status":"publish","type":"post","link":"https:\/\/blogs2.correiobraziliense.com.br\/vicente\/pressao_a_vista\/","title":{"rendered":"PRESS\u00c3O \u00c0 VISTA"},"content":{"rendered":"\n<p>O ajuste fiscal ainda est\u00e1 longe de dar os resultados esperados, mas parte do mercado financeiro come\u00e7a a questionar o que far\u00e1 o ministro da Fazenda, Joaquim Levy, para efetivamente cumprir as metas definidas por ele. Mais que isso: os analistas querem saber como o chefe da equipe econ\u00f4mica lidar\u00e1 com as press\u00f5es que tendem a aumentar sobre ele, diante da disparada do desemprego e da derrocada do Produto Interno Bruto (PIB). <\/p>\n<p>Levy chegou ao governo dando demonstra\u00e7\u00e3o de muita for\u00e7a. Mesmo bombardeado pelo PT, o partido da presidente Dilma Rousseff, ele n\u00e3o s\u00f3 ocupou espa\u00e7o relevante no seleto grupo que tem acesso \u00e0 chefe, como conseguiu virar de ponta- cabe\u00e7a a pol\u00edtica econ\u00f4mica, priorizando a arruma\u00e7\u00e3o das contas p\u00fablicas sem abrir m\u00e3o de medidas impopulares, como as que restringem o acesso ao seguro-desemprego, ao abono salarial e \u00e0s pens\u00f5es por morte. <\/p>\n<p>O principal discurso do ministro para conquistar apoio foi o de que, em pouco tempo, o ajuste fiscal traria resultados positivos. A economia retomaria o f\u00f4lego e o pa\u00eds voltaria a crescer, um discurso com tom pol\u00edtico que amainou a animosidade com parcela relevante do PT. O problema, ressalta Eduardo Velho, economista-chefe da INVX Partners, \u00e9 que, em vez de melhorar, o quadro econ\u00f4mico piorou muito e n\u00e3o h\u00e1 perspectiva de recupera\u00e7\u00e3o t\u00e3o cedo. <\/p>\n<p>O PIB caiu 0,2% no primeiro trimestre, mas esse tombo j\u00e1 estava na conta de todos \u2014 do governo, do mercado, dos pol\u00edticos. Era o pre\u00e7o do ajuste, diziam. Junho ainda n\u00e3o fechou, mas os dados do segundo trimestre coletados pelos especialistas apontam para o pior dos mundos: queda de pelo menos 1,5% da atividade no per\u00edodo. Tal proje\u00e7\u00e3o, diz Eduardo Velho, incorpora a paralisa\u00e7\u00e3o, quase que total, da produ\u00e7\u00e3o das montadoras. <\/p>\n<p>Nesse cen\u00e1rio de forte retra\u00e7\u00e3o, o desemprego disparou. At\u00e9 abril, foram fechadas 137,4 mil vagas formais. Em maio, j\u00e1 se fala em destrui\u00e7\u00e3o de quase 100 mil postos com carteira assinada. Em junho, n\u00e3o ser\u00e1 diferente. Esse movimento contrasta com a promessa de Dilma, de que o ajuste tocado por Levy tinha como objetivo maior preservar o emprego e a renda. Para o PT, tudo \u00e9 aceit\u00e1vel \u2014 corte de gastos, aumento de juros e retra\u00e7\u00e3o do PIB. Mas n\u00e3o o desemprego, que pode atingir 10% at\u00e9 o fim do ano. <\/p>\n<p>\u00c0 medida que os dados do mercado de trabalho forem saindo, a tend\u00eancia \u00e9 de o discurso petista anti-Levy se agigantar. Muitos parlamentares que arriscaram o pouco do prest\u00edgio popular que ainda tinham para apoiar \u00e0 nova pol\u00edtica econ\u00f4mica de Dilma n\u00e3o imaginavam que a fatura a ser paga seria t\u00e3o pesada. V\u00e3o cobrar explica\u00e7\u00f5es, inclusive se o Brasil vier a ser rebaixado pelas ag\u00eancias de classifica\u00e7\u00e3o de risco. <\/p>\n<p>Na avalia\u00e7\u00e3o do economista da INVX, as press\u00f5es pol\u00edticas tendem a enfraquecer ainda mais a presidente Dilma, o que, por tabela, atinge Levy. Nesse contexto, ficar\u00e1 bem mais dif\u00edcil para o ministro da Fazenda levar adiante o ajuste fiscal, que depender\u00e1 de novas medidas. N\u00e3o \u00e0 toa, t\u00e9cnicos do governo veem com bons olhos a proposta do relator da Lei de Diretrizes Or\u00e7ament\u00e1rias (LDO), senador Romero Juc\u00e1 (PMDB-RR), de reduzir as metas de superavit prim\u00e1rio deste ano, de 1,1% para 0,6% do PIB, e de 2016 e 2017, de 2% para 1% e 1,5%, respectivamente. <\/p>\n<p>BC d\u00e1 uma mostra <\/p>\n<p>\u00bb Na sexta-feira, o Banco Central dar\u00e1 os primeiros indicativos do que foi o desempenho da economia no segundo trimestre do ano, ao mostrar queda do IBC-Br, \u00edndice que funciona como uma pr\u00e9via do PIB. Pelos c\u00e1lculos do economista-chefe da Gradual Investimentos, Andr\u00e9 Perfeito, em abril, o indicador do BC tombou 0,4% ante mar\u00e7o e 2,40% frente ao mesmo per\u00edodo do ano anterior. <\/p>\n<p>Ainda longe do fundo do po\u00e7o <\/p>\n<p>\u00bb Tanto o Ita\u00fa Unibanco quanto a Serasa Experian constataram retra\u00e7\u00e3o econ\u00f4mica em abril, indicando que o fundo do po\u00e7o para o PIB ainda n\u00e3o chegou. Segundo os economistas do maior banco privado do pa\u00eds, houve retra\u00e7\u00e3o de 0,1% no m\u00eas. Nas contas da Serasa, o encolhimento foi de 0,3%. <\/p>\n<p>Planos de sa\u00fade sentem o baque <\/p>\n<p>\u00bb As empresas que vendem planos de sa\u00fade j\u00e1 sentiram os efeitos da forte onda de demiss\u00f5es que toma conta do pa\u00eds. Pela primeira vez, em mais de uma d\u00e9cada, os conv\u00eanios coletivos empresariais v\u00eam apresentando saldos negativos m\u00eas a m\u00eas. Esse mercado vinha crescendo nem m\u00e9dia, 10% ao ano quando o pa\u00eds ostentava quase o pleno emprego. <\/p>\n<p>Bicho-pap\u00e3o amarelou <\/p>\n<p>\u00bb O Pal\u00e1cio do Planalto acredita que o fato de o Tribunal de Contas da Uni\u00e3o (TCU) ter amarelado e dado mais 30 dias para Dilma apresentar justificativas para as pedaladas fiscais enterrou, quase que completamente, as chances de as contas do governo de 2014 serem rejeitadas. Daqui por diante, dizem assessores palacianos, o processo de convencimento dos ministros da Corte que ainda querem punir a presidente ser\u00e1 bem mais f\u00e1cil. \u201cO pior j\u00e1 passou\u201d, ressalta um auxiliar de Dilma. <\/p>\n<p>De olho no c\u00f3digo <\/p>\n<p>\u00bb Cl\u00f3vis Torres Jr., diretor de Integridade Corporativa da Vale, assumiu a presid\u00eancia do Conselho Diretor do Instituto Brasileiro de Minera\u00e7\u00e3o (Ibram), entidade que est\u00e1 acompanhando, com lupa, o andamento do c\u00f3digo mineral do Congresso. <\/p>\n<p>Bras\u00edlia, 00h10min   <\/p>\n","protected":false},"excerpt":{"rendered":"<p>O ajuste fiscal ainda est\u00e1 longe de dar os resultados esperados, mas parte do mercado financeiro come\u00e7a a questionar o que far\u00e1 o ministro da Fazenda, Joaquim Levy, para efetivamente cumprir as metas definidas por ele. Mais que isso: os analistas querem saber como o chefe da equipe econ\u00f4mica lidar\u00e1 com as press\u00f5es que tendem [&hellip;]<\/p>\n","protected":false},"author":22,"featured_media":0,"comment_status":"open","ping_status":"open","sticky":false,"template":"","format":"standard","meta":{"wpb_read_more":[],"footnotes":""},"categories":[1],"tags":[],"class_list":["post-111","post","type-post","status-publish","format-standard","hentry","category-sem-categoria"],"_links":{"self":[{"href":"https:\/\/blogs2.correiobraziliense.com.br\/vicente\/wp-json\/wp\/v2\/posts\/111","targetHints":{"allow":["GET"]}}],"collection":[{"href":"https:\/\/blogs2.correiobraziliense.com.br\/vicente\/wp-json\/wp\/v2\/posts"}],"about":[{"href":"https:\/\/blogs2.correiobraziliense.com.br\/vicente\/wp-json\/wp\/v2\/types\/post"}],"author":[{"embeddable":true,"href":"https:\/\/blogs2.correiobraziliense.com.br\/vicente\/wp-json\/wp\/v2\/users\/22"}],"replies":[{"embeddable":true,"href":"https:\/\/blogs2.correiobraziliense.com.br\/vicente\/wp-json\/wp\/v2\/comments?post=111"}],"version-history":[{"count":0,"href":"https:\/\/blogs2.correiobraziliense.com.br\/vicente\/wp-json\/wp\/v2\/posts\/111\/revisions"}],"wp:attachment":[{"href":"https:\/\/blogs2.correiobraziliense.com.br\/vicente\/wp-json\/wp\/v2\/media?parent=111"}],"wp:term":[{"taxonomy":"category","embeddable":true,"href":"https:\/\/blogs2.correiobraziliense.com.br\/vicente\/wp-json\/wp\/v2\/categories?post=111"},{"taxonomy":"post_tag","embeddable":true,"href":"https:\/\/blogs2.correiobraziliense.com.br\/vicente\/wp-json\/wp\/v2\/tags?post=111"}],"curies":[{"name":"wp","href":"https:\/\/api.w.org\/{rel}","templated":true}]}}