{"id":11109,"date":"2019-06-26T13:25:03","date_gmt":"2019-06-26T16:25:03","guid":{"rendered":"https:\/\/blogs2.correiobraziliense.com.br\/vicente\/?p=11109"},"modified":"2019-06-26T13:31:38","modified_gmt":"2019-06-26T16:31:38","slug":"governo-freia-articulacao-de-joice-e-complica-votacao-da-reforma-da-previdencia","status":"publish","type":"post","link":"https:\/\/blogs2.correiobraziliense.com.br\/vicente\/governo-freia-articulacao-de-joice-e-complica-votacao-da-reforma-da-previdencia\/","title":{"rendered":"Governo freia articula\u00e7\u00e3o de Joice e complica vota\u00e7\u00e3o da reforma da Previd\u00eancia"},"content":{"rendered":"<p><span style=\"font-weight: 400\">RODOLFO COSTA<\/span><\/p>\n<p><span style=\"font-weight: 400\">O governo est\u00e1 com um grande problema para ver a reforma da Previd\u00eancia sendo votada na Comiss\u00e3o Especial na pr\u00f3xima semana. A articula\u00e7\u00e3o pol\u00edtica est\u00e1 em descr\u00e9dito junto aos l\u00edderes partid\u00e1rios, que est\u00e3o jogando a culpa sobre a l\u00edder do governo no Congresso, deputada Joice Hasselmann (PSL-SP). Recai sobre ela os atrasos na libera\u00e7\u00e3o de emendas parlamentares prometidas pelo governo em troca do voto. Por conta disso, lideran\u00e7as est\u00e3o propensas a sequer votar o substitutivo do relator, Samuel Moreira (PSDB-SP), at\u00e9 que o compromisso seja efetivado.\u00a0<\/span><\/p>\n<p>&nbsp;<\/p>\n<p><span style=\"font-weight: 400\">O argumento de que Hasselmann n\u00e3o entrega o que promete ecoou no Congresso. E a raiva maior vem do pr\u00f3prio PSL. Deputados criticam que, por serem da base de Bolsonaro, foram relegados a serem os \u00faltimos da \u201cfolha de pagamento\u201d a receber as emendas, recursos que, obrigatoriamente, s\u00e3o empregados em setores p\u00fablicos municipais, como educa\u00e7\u00e3o e sa\u00fade.\u00a0<\/span><\/p>\n<p>&nbsp;<\/p>\n<p><span style=\"font-weight: 400\">Do PSL, a cr\u00edtica se dissemina entre os partidos ditos independentes, al\u00e9m de DEM, PSD, MDB, PSDB e o chamado Centr\u00e3o, bloco informalmente composto por PP, PL e PRB. O governo se comprometeu a pagar R$ 10 milh\u00f5es em emendas a deputados no primeiro semestre e liberar outras R$ 10 milh\u00f5es no segundo semestre. Para 2020, ainda h\u00e1 compromisso da libera\u00e7\u00e3o de outros R$ 20 milh\u00f5es divididos em ambos semestres, mais R$ 3 milh\u00f5es em verbas impositivas individuais.<\/span><\/p>\n<p>&nbsp;<\/p>\n<p>Os recursos s\u00e3o negociados pela Casa Civil, chefiada pelo ministro Onyx Lorenzoni. As verbas vir\u00e3o por meio de emendas das bancadas estaduais, uma vez que as impositivas individuais est\u00e3o sob o arcabou\u00e7o da Secretaria de Governo. Aos parlamentares, os vice-l\u00edderes de Joice e a pr\u00f3pria parlamentar apresentaram listas para que os deputados firmassem uma esp\u00e9cie de compromisso com a reforma da Previd\u00eancia.<\/p>\n<p>&nbsp;<\/p>\n<p><b>M\u00e1goa<\/b><\/p>\n<p><span style=\"font-weight: 400\">A bronca vem desde a base at\u00e9 os l\u00edderes dos partidos. Afinal, o acordo firmado com o governo \u00e9 de que eles receber\u00e3o o dobro. Os mais magoados com a demora na libera\u00e7\u00e3o dos recursos est\u00e3o se recusando a falar com Joice e promovendo um boicote. \u201cSe for para apresentar alguma demanda, falo com o (Rodrigo) Maia [presidente da C\u00e2mara (DEM-RJ)]\u201d, disse uma lideran\u00e7a da Casa ao <\/span><b>Blog<\/b><span style=\"font-weight: 400\">.<\/span><\/p>\n<p><span style=\"font-weight: 400\">\u00a0<\/span><\/p>\n<p><span style=\"font-weight: 400\">O demista n\u00e3o tem poder para destravar os recursos no governo, mas tem o traquejo pol\u00edtico junto a l\u00edderes suficiente para acelerar, travar, e alterar a reforma da Previd\u00eancia, al\u00e9m de distribuir relatorias de projetos relevantes para aliados ou presid\u00eancias em Comiss\u00f5es Especiais, bem como a defini\u00e7\u00e3o de indicados para esses colegiados. A press\u00e3o em cima de Joice abre, assim, um sinal de alerta vermelho para o governo. Retardar o pagamento das emendas tira o poder de articula\u00e7\u00e3o de Joice e amplia o clima de \u201cparlamentarismo branco\u201d instalado no Congresso. <\/span><\/p>\n","protected":false},"excerpt":{"rendered":"<p>RODOLFO COSTA O governo est\u00e1 com um grande problema para ver a reforma da Previd\u00eancia sendo votada na Comiss\u00e3o Especial na pr\u00f3xima semana. A articula\u00e7\u00e3o pol\u00edtica est\u00e1 em descr\u00e9dito junto aos l\u00edderes partid\u00e1rios, que est\u00e3o jogando a culpa sobre a l\u00edder do governo no Congresso, deputada Joice Hasselmann (PSL-SP). Recai sobre ela os atrasos na [&hellip;]<\/p>\n","protected":false},"author":22,"featured_media":11110,"comment_status":"open","ping_status":"closed","sticky":false,"template":"","format":"standard","meta":{"wpb_read_more":[],"footnotes":""},"categories":[600],"tags":[2395,2554,134,2497,467,3965,3964,429,614],"class_list":["post-11109","post","type-post","status-publish","format-standard","has-post-thumbnail","hentry","category-economia","tag-articulacao","tag-bolsonaro","tag-camara","tag-deputados","tag-governo","tag-hasselmann","tag-joice","tag-previdencia","tag-reforma"],"_links":{"self":[{"href":"https:\/\/blogs2.correiobraziliense.com.br\/vicente\/wp-json\/wp\/v2\/posts\/11109","targetHints":{"allow":["GET"]}}],"collection":[{"href":"https:\/\/blogs2.correiobraziliense.com.br\/vicente\/wp-json\/wp\/v2\/posts"}],"about":[{"href":"https:\/\/blogs2.correiobraziliense.com.br\/vicente\/wp-json\/wp\/v2\/types\/post"}],"author":[{"embeddable":true,"href":"https:\/\/blogs2.correiobraziliense.com.br\/vicente\/wp-json\/wp\/v2\/users\/22"}],"replies":[{"embeddable":true,"href":"https:\/\/blogs2.correiobraziliense.com.br\/vicente\/wp-json\/wp\/v2\/comments?post=11109"}],"version-history":[{"count":3,"href":"https:\/\/blogs2.correiobraziliense.com.br\/vicente\/wp-json\/wp\/v2\/posts\/11109\/revisions"}],"predecessor-version":[{"id":11113,"href":"https:\/\/blogs2.correiobraziliense.com.br\/vicente\/wp-json\/wp\/v2\/posts\/11109\/revisions\/11113"}],"wp:featuredmedia":[{"embeddable":true,"href":"https:\/\/blogs2.correiobraziliense.com.br\/vicente\/wp-json\/wp\/v2\/media\/11110"}],"wp:attachment":[{"href":"https:\/\/blogs2.correiobraziliense.com.br\/vicente\/wp-json\/wp\/v2\/media?parent=11109"}],"wp:term":[{"taxonomy":"category","embeddable":true,"href":"https:\/\/blogs2.correiobraziliense.com.br\/vicente\/wp-json\/wp\/v2\/categories?post=11109"},{"taxonomy":"post_tag","embeddable":true,"href":"https:\/\/blogs2.correiobraziliense.com.br\/vicente\/wp-json\/wp\/v2\/tags?post=11109"}],"curies":[{"name":"wp","href":"https:\/\/api.w.org\/{rel}","templated":true}]}}