{"id":1111,"date":"2016-05-24T23:21:11","date_gmt":"2016-05-25T02:21:11","guid":{"rendered":"https:\/\/blogs2.correiobraziliense.com.br\/vicente\/?p=1111"},"modified":"2016-05-24T23:21:11","modified_gmt":"2016-05-25T02:21:11","slug":"justica-suspende-contribuicao-extra-de-carteiros-ao-postalis","status":"publish","type":"post","link":"https:\/\/blogs2.correiobraziliense.com.br\/vicente\/justica-suspende-contribuicao-extra-de-carteiros-ao-postalis\/","title":{"rendered":"Justi\u00e7a suspende contribui\u00e7\u00e3o extra de carteiros ao Postalis"},"content":{"rendered":"<p>POR ANTONIO TEM\u00d3TEO<\/p>\n<p>&nbsp;<\/p>\n<p>O Tribunal de Justi\u00e7a do Distrito Federal e Territ\u00f3rios (TJDFT) concedeu liminar suspendendo as contribui\u00e7\u00f5es adicionais dos participantes do Postalis, fundo de pens\u00e3o dos empregados dos Correios. A a\u00e7\u00e3o foi impetrada pela Associa\u00e7\u00e3o dos Profissionais dos Correios (Adcap).<\/p>\n<p>&nbsp;<\/p>\n<p>Os funcionarios dos Correios est\u00e3o sendo obrigados a cobrir metade do rombo de R$ 5,6 bilh\u00f5es provocado no caixa do Postalis por administradores indicados pelo PT e pelo PMDB. \u00a0As contribui\u00e7\u00f5es extras ter\u00e3o que ser feitas ao longo de 23 anos. O restante do buraco dever\u00e1 ser coberto estatal. Em nota, a finda\u00e7\u00e3o informou que adotar\u00e1 todas as medidas para suspender e revogar os efeitos da tutela concedida<\/p>\n<p>&nbsp;<\/p>\n<p>Independentemente da revers\u00e3o da decis\u00e3o judicial, o fundo de pens\u00e3o informou que n\u00e3o haver\u00e1 cobran\u00e7a nos contracheque dos participantes em maio. Caso a decis\u00e3o seja reformada, os associados ao Postalis ser\u00e3o comunicados e os valores, cobrados de acordo com o plano de equacionamento a partir de junho.<\/p>\n<p>&nbsp;<\/p>\n<p>Bras\u00edlia, 23h20min<\/p>\n","protected":false},"excerpt":{"rendered":"<p>POR ANTONIO TEM\u00d3TEO &nbsp; O Tribunal de Justi\u00e7a do Distrito Federal e Territ\u00f3rios (TJDFT) concedeu liminar suspendendo as contribui\u00e7\u00f5es adicionais dos participantes do Postalis, fundo de pens\u00e3o dos empregados dos Correios. A a\u00e7\u00e3o foi impetrada pela Associa\u00e7\u00e3o dos Profissionais dos Correios (Adcap). &nbsp; Os funcionarios dos Correios est\u00e3o sendo obrigados a cobrir metade do rombo [&hellip;]<\/p>\n","protected":false},"author":22,"featured_media":0,"comment_status":"open","ping_status":"closed","sticky":false,"template":"","format":"standard","meta":{"wpb_read_more":[],"footnotes":""},"categories":[1],"tags":[],"class_list":["post-1111","post","type-post","status-publish","format-standard","hentry","category-sem-categoria"],"_links":{"self":[{"href":"https:\/\/blogs2.correiobraziliense.com.br\/vicente\/wp-json\/wp\/v2\/posts\/1111","targetHints":{"allow":["GET"]}}],"collection":[{"href":"https:\/\/blogs2.correiobraziliense.com.br\/vicente\/wp-json\/wp\/v2\/posts"}],"about":[{"href":"https:\/\/blogs2.correiobraziliense.com.br\/vicente\/wp-json\/wp\/v2\/types\/post"}],"author":[{"embeddable":true,"href":"https:\/\/blogs2.correiobraziliense.com.br\/vicente\/wp-json\/wp\/v2\/users\/22"}],"replies":[{"embeddable":true,"href":"https:\/\/blogs2.correiobraziliense.com.br\/vicente\/wp-json\/wp\/v2\/comments?post=1111"}],"version-history":[{"count":1,"href":"https:\/\/blogs2.correiobraziliense.com.br\/vicente\/wp-json\/wp\/v2\/posts\/1111\/revisions"}],"predecessor-version":[{"id":1112,"href":"https:\/\/blogs2.correiobraziliense.com.br\/vicente\/wp-json\/wp\/v2\/posts\/1111\/revisions\/1112"}],"wp:attachment":[{"href":"https:\/\/blogs2.correiobraziliense.com.br\/vicente\/wp-json\/wp\/v2\/media?parent=1111"}],"wp:term":[{"taxonomy":"category","embeddable":true,"href":"https:\/\/blogs2.correiobraziliense.com.br\/vicente\/wp-json\/wp\/v2\/categories?post=1111"},{"taxonomy":"post_tag","embeddable":true,"href":"https:\/\/blogs2.correiobraziliense.com.br\/vicente\/wp-json\/wp\/v2\/tags?post=1111"}],"curies":[{"name":"wp","href":"https:\/\/api.w.org\/{rel}","templated":true}]}}