{"id":11121,"date":"2019-06-26T21:11:27","date_gmt":"2019-06-27T00:11:27","guid":{"rendered":"https:\/\/blogs2.correiobraziliense.com.br\/vicente\/?p=11121"},"modified":"2019-06-26T21:29:51","modified_gmt":"2019-06-27T00:29:51","slug":"stf-impede-viagem-de-ferias-de-senador-preso-para-aruba","status":"publish","type":"post","link":"https:\/\/blogs2.correiobraziliense.com.br\/vicente\/stf-impede-viagem-de-ferias-de-senador-preso-para-aruba\/","title":{"rendered":"STF impede viagem de f\u00e9rias de senador preso para Aruba"},"content":{"rendered":"<h2><a href=\"https:\/\/blogs2.correiobraziliense.com.br\/vicente\/wp-content\/uploads\/sites\/16\/2019\/06\/Acir.jpg\"><img loading=\"lazy\" decoding=\"async\" class=\"size-full wp-image-11122 alignleft\" src=\"https:\/\/blogs2.correiobraziliense.com.br\/vicente\/wp-content\/uploads\/sites\/16\/2019\/06\/Acir.jpg\" alt=\"\" width=\"550\" height=\"365\" srcset=\"https:\/\/blogs2.correiobraziliense.com.br\/vicente\/wp-content\/uploads\/sites\/16\/2019\/06\/Acir.jpg 550w, https:\/\/blogs2.correiobraziliense.com.br\/vicente\/wp-content\/uploads\/sites\/16\/2019\/06\/Acir-300x199.jpg 300w, https:\/\/blogs2.correiobraziliense.com.br\/vicente\/wp-content\/uploads\/sites\/16\/2019\/06\/Acir-350x232.jpg 350w, https:\/\/blogs2.correiobraziliense.com.br\/vicente\/wp-content\/uploads\/sites\/16\/2019\/06\/Acir-230x153.jpg 230w\" sizes=\"auto, (max-width: 550px) 100vw, 550px\" \/><\/a><\/h2>\n<h2>RENATO SOUZA E ALEXANDRE DE PAULA<\/h2>\n<h2><\/h2>\n<h2>Na tentativa de dar uma satisfa\u00e7\u00e3o \u00e0 opini\u00e3o p\u00fablica, o ministro Alexandre de Moraes, do Supremo Tribunal Federal (STF) suspendeu a autoriza\u00e7\u00e3o para que o senador Acir Gurgacz (PDT-RO), que est\u00e1 cumprindo pris\u00e3o domiciliar, <a href=\"https:\/\/blogs2.correiobraziliense.com.br\/cbpoder\/senador-preso-ferias-caribe\/\">viaje de f\u00e9rias para Aruba<\/a>, no Caribe.<\/h2>\n<p>&nbsp;<\/p>\n<p>O ministro do STF tamb\u00e9m pediu ao Conselho Nacional de Justi\u00e7a (CNJ) que investigue as circunst\u00e2ncias que levaram os juiz Fernando Luiz de Lacerda Messere, da Vara de Execu\u00e7\u00f5es das Penas em Regimento Aberto do Distrito Federal, respons\u00e1vel pela autoriza\u00e7\u00e3o da viagem do senador. O juiz foi retirado do caso,<\/p>\n<p>&nbsp;<\/p>\n<p>Preso em regime aberto desde outubro de 2018 por crimes contra o sistema financeiro, o senador Acir Gurgacz passaria as f\u00e9rias no Caribe de 17 de julho a 3 de agosto. A viagem foi autorizada pelo Tribunal de Justi\u00e7a do Distrito Federal e dos Territ\u00f3rios. O pol\u00edtico cumpre expediente no Senado Federal.<\/p>\n<p>&nbsp;<\/p>\n<p>O pedido da defesa de Gurgacz para passar dias de folga num resort no Caribe recebeu tamb\u00e9m parecer favor\u00e1vel do Minist\u00e9rio P\u00fablico do Distrito Federal e Territ\u00f3rios. Com a decis\u00e3o, a execu\u00e7\u00e3o penal fica suspensa durante o per\u00edodo da realiza\u00e7\u00e3o da viagem.<\/p>\n<p>&nbsp;<\/p>\n<p>Segundo a decis\u00e3o da Justi\u00e7a, Gurgacz deveria retornar na primeira semana de agosto e se submeter \u00e0 apresenta\u00e7\u00e3o bimestral obrigat\u00f3ria. \u201c A omiss\u00e3o de comparecimento \u00e0 apresenta\u00e7\u00e3o bimestral de agosto\/2019 para rein\u00edcio do cumprimento da pena acarretar\u00e1 a imediata expedi\u00e7\u00e3o de mandado de pris\u00e3o\u201d, diz trecho da decis\u00e3o do juiz Fernando Luiz de Lacerda Messere.<\/p>\n<p>&nbsp;<\/p>\n<p>Em setembro do ano passado, Gurgacz foi condenado a quatro anos e seis meses de pris\u00e3o porque teria, segundo o processo, obtido um financiamento fraudulento junto ao Banco da Amaz\u00f4nia. Os recursos deveriam ser utilizados para financiar compras de \u00f4nibus da empresa Eucatur, da qual o pol\u00edtico era diretor. Parte do valor teria sido desviada e o pr\u00f3prio Gurgacz teria embolsado R$ 525 mil.<\/p>\n","protected":false},"excerpt":{"rendered":"<p>RENATO SOUZA E ALEXANDRE DE PAULA Na tentativa de dar uma satisfa\u00e7\u00e3o \u00e0 opini\u00e3o p\u00fablica, o ministro Alexandre de Moraes, do Supremo Tribunal Federal (STF) suspendeu a autoriza\u00e7\u00e3o para que o senador Acir Gurgacz (PDT-RO), que est\u00e1 cumprindo pris\u00e3o domiciliar, viaje de f\u00e9rias para Aruba, no Caribe. &nbsp; O ministro do STF tamb\u00e9m pediu ao [&hellip;]<\/p>\n","protected":false},"author":22,"featured_media":0,"comment_status":"open","ping_status":"closed","sticky":false,"template":"","format":"standard","meta":{"wpb_read_more":[],"footnotes":""},"categories":[600],"tags":[16,1818,3969,984,192,668],"class_list":["post-11121","post","type-post","status-publish","format-standard","hentry","category-economia","tag-acir-gurgacz","tag-alexandre-de-moraes","tag-aruba","tag-senador","tag-stf","tag-viagem"],"_links":{"self":[{"href":"https:\/\/blogs2.correiobraziliense.com.br\/vicente\/wp-json\/wp\/v2\/posts\/11121","targetHints":{"allow":["GET"]}}],"collection":[{"href":"https:\/\/blogs2.correiobraziliense.com.br\/vicente\/wp-json\/wp\/v2\/posts"}],"about":[{"href":"https:\/\/blogs2.correiobraziliense.com.br\/vicente\/wp-json\/wp\/v2\/types\/post"}],"author":[{"embeddable":true,"href":"https:\/\/blogs2.correiobraziliense.com.br\/vicente\/wp-json\/wp\/v2\/users\/22"}],"replies":[{"embeddable":true,"href":"https:\/\/blogs2.correiobraziliense.com.br\/vicente\/wp-json\/wp\/v2\/comments?post=11121"}],"version-history":[{"count":5,"href":"https:\/\/blogs2.correiobraziliense.com.br\/vicente\/wp-json\/wp\/v2\/posts\/11121\/revisions"}],"predecessor-version":[{"id":11127,"href":"https:\/\/blogs2.correiobraziliense.com.br\/vicente\/wp-json\/wp\/v2\/posts\/11121\/revisions\/11127"}],"wp:attachment":[{"href":"https:\/\/blogs2.correiobraziliense.com.br\/vicente\/wp-json\/wp\/v2\/media?parent=11121"}],"wp:term":[{"taxonomy":"category","embeddable":true,"href":"https:\/\/blogs2.correiobraziliense.com.br\/vicente\/wp-json\/wp\/v2\/categories?post=11121"},{"taxonomy":"post_tag","embeddable":true,"href":"https:\/\/blogs2.correiobraziliense.com.br\/vicente\/wp-json\/wp\/v2\/tags?post=11121"}],"curies":[{"name":"wp","href":"https:\/\/api.w.org\/{rel}","templated":true}]}}