{"id":11128,"date":"2019-06-27T11:47:55","date_gmt":"2019-06-27T14:47:55","guid":{"rendered":"https:\/\/blogs2.correiobraziliense.com.br\/vicente\/?p=11128"},"modified":"2019-06-27T15:56:00","modified_gmt":"2019-06-27T18:56:00","slug":"o-palanque-de-guedes","status":"publish","type":"post","link":"https:\/\/blogs2.correiobraziliense.com.br\/vicente\/o-palanque-de-guedes\/","title":{"rendered":"O palanque de Guedes"},"content":{"rendered":"<h2>HAMILTON FERRARI<\/h2>\n<h2><\/h2>\n<h2>Analistas que vasculharam de ponta a ponta o programa &#8220;Novo Mercado do G\u00e1s&#8221; n\u00e3o t\u00eam d\u00favidas de que, ao anunciar as medidas que prometem aumentar a competi\u00e7\u00e3o no setor de g\u00e1s natural, o ministro da Economia, Paulo Guedes, trocou a abordagem t\u00e9cnica pela pol\u00edtica.<\/h2>\n<p>&nbsp;<\/p>\n<p>O discurso de que o pre\u00e7o do botij\u00e3o de g\u00e1s tamb\u00e9m cair\u00e1 n\u00e3o faz qualquer sentido diante das novas medidas anunciadas. Est\u00e1 mais para conquistar apoio popular, que, se ressalte, o governo vem perdendo de forma muito r\u00e1pida.<\/p>\n<p>&nbsp;<\/p>\n<p><em>Bras\u00edlia, 11h47min<\/em><\/p>\n","protected":false},"excerpt":{"rendered":"<p>HAMILTON FERRARI Analistas que vasculharam de ponta a ponta o programa &#8220;Novo Mercado do G\u00e1s&#8221; n\u00e3o t\u00eam d\u00favidas de que, ao anunciar as medidas que prometem aumentar a competi\u00e7\u00e3o no setor de g\u00e1s natural, o ministro da Economia, Paulo Guedes, trocou a abordagem t\u00e9cnica pela pol\u00edtica. &nbsp; O discurso de que o pre\u00e7o do botij\u00e3o [&hellip;]<\/p>\n","protected":false},"author":22,"featured_media":0,"comment_status":"open","ping_status":"closed","sticky":false,"template":"","format":"standard","meta":{"wpb_read_more":[],"footnotes":""},"categories":[600],"tags":[3817,3816,3970,3613],"class_list":["post-11128","post","type-post","status-publish","format-standard","hentry","category-economia","tag-botijao","tag-gas","tag-novo-mercado","tag-paulo-guedes"],"_links":{"self":[{"href":"https:\/\/blogs2.correiobraziliense.com.br\/vicente\/wp-json\/wp\/v2\/posts\/11128","targetHints":{"allow":["GET"]}}],"collection":[{"href":"https:\/\/blogs2.correiobraziliense.com.br\/vicente\/wp-json\/wp\/v2\/posts"}],"about":[{"href":"https:\/\/blogs2.correiobraziliense.com.br\/vicente\/wp-json\/wp\/v2\/types\/post"}],"author":[{"embeddable":true,"href":"https:\/\/blogs2.correiobraziliense.com.br\/vicente\/wp-json\/wp\/v2\/users\/22"}],"replies":[{"embeddable":true,"href":"https:\/\/blogs2.correiobraziliense.com.br\/vicente\/wp-json\/wp\/v2\/comments?post=11128"}],"version-history":[{"count":1,"href":"https:\/\/blogs2.correiobraziliense.com.br\/vicente\/wp-json\/wp\/v2\/posts\/11128\/revisions"}],"predecessor-version":[{"id":11129,"href":"https:\/\/blogs2.correiobraziliense.com.br\/vicente\/wp-json\/wp\/v2\/posts\/11128\/revisions\/11129"}],"wp:attachment":[{"href":"https:\/\/blogs2.correiobraziliense.com.br\/vicente\/wp-json\/wp\/v2\/media?parent=11128"}],"wp:term":[{"taxonomy":"category","embeddable":true,"href":"https:\/\/blogs2.correiobraziliense.com.br\/vicente\/wp-json\/wp\/v2\/categories?post=11128"},{"taxonomy":"post_tag","embeddable":true,"href":"https:\/\/blogs2.correiobraziliense.com.br\/vicente\/wp-json\/wp\/v2\/tags?post=11128"}],"curies":[{"name":"wp","href":"https:\/\/api.w.org\/{rel}","templated":true}]}}